{"id":5276,"date":"2017-07-22T15:51:00","date_gmt":"2017-07-22T13:51:00","guid":{"rendered":"http:\/\/www.messinaoggi.it\/website\/?p=5276"},"modified":"2017-07-22T15:51:00","modified_gmt":"2017-07-22T13:51:00","slug":"la-vicenda-dei-massi-di-giampilieri-finisce-allars","status":"publish","type":"post","link":"https:\/\/www.messinaoggi.it\/website\/2017\/07\/22\/la-vicenda-dei-massi-di-giampilieri-finisce-allars\/","title":{"rendered":"La vicenda dei massi di Giampilieri finisce all&#039;Ars"},"content":{"rendered":"<p>La vicenda dei massi di Giampilieri e Briga che ha animato il dibattito politico cittadino, approda all\u2019Ars. Il deputato regionale di Forza Italia, Franco Rinaldi, ha infatti spedito una interrogazione urgente con risposta in Aula, indirizzandola al presidente della Regione, Rosario Crocetta, e all\u2019assessore al Territorio ed Ambiente, Maurizio Croce. La questione \u00e8 stata ampiamente dibattuta con prese di posizioni di alcuni \u201csoloni\u201d che hanno inteso creare un problema che con molta probabilit\u00e0 non \u00e8 mai esistito. Come si ricorder\u00e0 il posizionamento dei massi sulla spiaggia di Galati, probabilmente temporaneo, \u00e8 stato fatto passare per una sorta di barriera.<br \/>\n\u201cOgni presa di posizione, consapevole o inconsapevole, idonea a generare fibrillazione strumentale ad obiettivi di esponenti politici che vogliono ricavare, direttamente o indirettamente, risultato in termini di &#8211; diciamo eufemisticamente &#8211; visibilit\u00e0 speculando con impropriet\u00e0 sulle obiettive esigenza di sicurezza della comunit\u00e0, salvaguardia della costa, prevenzione del rischio danni alla pubblica incolumit\u00e0, alle strutture e alle infrastrutture per mareggiate e erosioni\u201d.<br \/>\nRinaldi pone sul tappeto una serie di questioni alle quali chiede che il governo dia una risposta per fare chiarezza. In modo particolare rivolgendosi a Crocetta e Croce \u201cSe si ritiene di dovere confermare che l&#8217;area apparsa come barriera era in verit\u00e0 zona di cantiere per la formazione, manovra e posizionamento dei blocchi evitando accuse inopinatamente criminalizzanti (funzionari tecnici e impresa) se e nella misura in cui si \u00e8 andati incontro a frettoloso argomentare\u201d.<div id=\"div-gpt-ad-Messinaoggi.it-DSK-300x250-corpoart\" style=\"text-align:center;margin:0 auto;\"><\/div><\/p>\n<div id=\"videoincontent\" style=\"clear:both\";><\/div>","protected":false},"excerpt":{"rendered":"<p>La vicenda dei massi di Giampilieri e Briga che ha animato il dibattito politico cittadino, approda all\u2019Ars. Il deputato regionale di Forza Italia, Franco Rinaldi, ha infatti spedito una interrogazione urgente con risposta in Aula, indirizzandola al presidente della Regione, Rosario Crocetta, e all\u2019assessore al Territorio ed Ambiente, Maurizio Croce. La questione \u00e8 stata ampiamente [&hellip;]<\/p>\n","protected":false},"author":2,"featured_media":310,"comment_status":"closed","ping_status":"open","sticky":false,"template":"","format":"standard","meta":{"ub_ctt_via":"","_mi_skip_tracking":false},"categories":[4],"tags":[],"featured_image_src":"https:\/\/www.messinaoggi.it\/website\/wp-content\/uploads\/2017\/05\/Rinaldi-Franco-1-2.jpg","author_info":{"display_name":"Redazione","author_link":"https:\/\/www.messinaoggi.it\/website\/author\/redazione\/"},"digistream_id":0,"digistream":false,"_links":{"self":[{"href":"https:\/\/www.messinaoggi.it\/website\/wp-json\/wp\/v2\/posts\/5276"}],"collection":[{"href":"https:\/\/www.messinaoggi.it\/website\/wp-json\/wp\/v2\/posts"}],"about":[{"href":"https:\/\/www.messinaoggi.it\/website\/wp-json\/wp\/v2\/types\/post"}],"author":[{"embeddable":true,"href":"https:\/\/www.messinaoggi.it\/website\/wp-json\/wp\/v2\/users\/2"}],"replies":[{"embeddable":true,"href":"https:\/\/www.messinaoggi.it\/website\/wp-json\/wp\/v2\/comments?post=5276"}],"version-history":[{"count":0,"href":"https:\/\/www.messinaoggi.it\/website\/wp-json\/wp\/v2\/posts\/5276\/revisions"}],"wp:featuredmedia":[{"embeddable":true,"href":"https:\/\/www.messinaoggi.it\/website\/wp-json\/wp\/v2\/media\/310"}],"wp:attachment":[{"href":"https:\/\/www.messinaoggi.it\/website\/wp-json\/wp\/v2\/media?parent=5276"}],"wp:term":[{"taxonomy":"category","embeddable":true,"href":"https:\/\/www.messinaoggi.it\/website\/wp-json\/wp\/v2\/categories?post=5276"},{"taxonomy":"post_tag","embeddable":true,"href":"https:\/\/www.messinaoggi.it\/website\/wp-json\/wp\/v2\/tags?post=5276"}],"curies":[{"name":"wp","href":"https:\/\/api.w.org\/{rel}","templated":true}]}}