{"id":52678,"date":"2021-02-06T10:37:55","date_gmt":"2021-02-06T09:37:55","guid":{"rendered":"https:\/\/www.messinaoggi.it\/website\/?p=52678"},"modified":"2021-02-06T10:37:55","modified_gmt":"2021-02-06T09:37:55","slug":"tajani-sostegno-a-draghi-per-il-governo-dei-migliori","status":"publish","type":"post","link":"https:\/\/www.messinaoggi.it\/website\/2021\/02\/06\/tajani-sostegno-a-draghi-per-il-governo-dei-migliori\/","title":{"rendered":"Tajani \u201cSostegno a Draghi per il Governo dei migliori\u201d"},"content":{"rendered":"<div>ROMA (ITALPRESS) &#8211; &#8220;Insieme alla delegazione dell&#8217;Udc abbiamo confermato al presidente incaricato il pieno appoggio anticipato dal presidente Berlusconi durante un lungo colloquio telefonico. Forza Italia si aspetta un esecutivo di alto livello, capace di rappresentare il Paese coinvolgendo le forze migliori del Paese per affrontare insieme la pi\u00f9 grave emergenza economica e sanitaria dal Dopoguerra&#8221;. Ad affermarlo a conclusione dell&#8217;incontro tra la delegazione di Forza Italia e il presidente incaricato Antonio Draghi il capodelegazione Antonio Tajani. &#8220;Questo &#8211; aggiunge il vicepresidente di Forza Italia &#8211; non implica la nascita di una nuova alleanza politica ma un governo dei migliori. L&#8217;alto profilo del presidente Draghi \u00e8 garanzia non solo della credibilit\u00e0 dell&#8217;esecutivo in Europa e nel mondo ma anche della seriet\u00e0 del progetto&#8221;.<br \/>\nTajani ha sottolineato &#8220;la naturale disponibilit\u00e0 di Forza Italia a fare la sua parte, pronta a dare un contributo di idee e di programmi. Abbiamo consegnato due dossier: uno per accedere ai fondi del Recovery e uno al piano vaccinale, elaborati negli scorsi giorni dai nostri esperti. Oltre a questo abbiamo approfondito diversi aspetti programmatici sul quale Forza Italia si attende dal nuovo governo risposte adeguate&#8221;.<br \/>\n(ITALPRESS).<\/div>\n<div id=\"div-gpt-ad-Messinaoggi.it-DSK-300x250-corpoart\" style=\"text-align:center;margin:0 auto;\"><\/div><\/p><div id=\"videoincontent\" style=\"clear:both\";><\/div>","protected":false},"excerpt":{"rendered":"<p>ROMA (ITALPRESS) &#8211; &#8220;Insieme alla delegazione dell&#8217;Udc abbiamo confermato al presidente incaricato il pieno appoggio anticipato dal presidente Berlusconi durante un lungo colloquio telefonico. Forza Italia si aspetta un esecutivo di alto livello, capace di rappresentare il Paese coinvolgendo le forze migliori del Paese per affrontare insieme la pi\u00f9 grave emergenza economica e sanitaria dal [&hellip;]<\/p>\n","protected":false},"author":2,"featured_media":52679,"comment_status":"closed","ping_status":"closed","sticky":false,"template":"","format":"standard","meta":{"ub_ctt_via":"","_mi_skip_tracking":false},"categories":[446,4],"tags":[],"featured_image_src":"https:\/\/www.messinaoggi.it\/website\/wp-content\/uploads\/2021\/02\/20210205_2556.jpg","author_info":{"display_name":"Redazione","author_link":"https:\/\/www.messinaoggi.it\/website\/author\/redazione\/"},"digistream_id":0,"digistream":false,"_links":{"self":[{"href":"https:\/\/www.messinaoggi.it\/website\/wp-json\/wp\/v2\/posts\/52678"}],"collection":[{"href":"https:\/\/www.messinaoggi.it\/website\/wp-json\/wp\/v2\/posts"}],"about":[{"href":"https:\/\/www.messinaoggi.it\/website\/wp-json\/wp\/v2\/types\/post"}],"author":[{"embeddable":true,"href":"https:\/\/www.messinaoggi.it\/website\/wp-json\/wp\/v2\/users\/2"}],"replies":[{"embeddable":true,"href":"https:\/\/www.messinaoggi.it\/website\/wp-json\/wp\/v2\/comments?post=52678"}],"version-history":[{"count":0,"href":"https:\/\/www.messinaoggi.it\/website\/wp-json\/wp\/v2\/posts\/52678\/revisions"}],"wp:featuredmedia":[{"embeddable":true,"href":"https:\/\/www.messinaoggi.it\/website\/wp-json\/wp\/v2\/media\/52679"}],"wp:attachment":[{"href":"https:\/\/www.messinaoggi.it\/website\/wp-json\/wp\/v2\/media?parent=52678"}],"wp:term":[{"taxonomy":"category","embeddable":true,"href":"https:\/\/www.messinaoggi.it\/website\/wp-json\/wp\/v2\/categories?post=52678"},{"taxonomy":"post_tag","embeddable":true,"href":"https:\/\/www.messinaoggi.it\/website\/wp-json\/wp\/v2\/tags?post=52678"}],"curies":[{"name":"wp","href":"https:\/\/api.w.org\/{rel}","templated":true}]}}