{"id":52676,"date":"2021-02-06T10:39:13","date_gmt":"2021-02-06T09:39:13","guid":{"rendered":"https:\/\/www.messinaoggi.it\/website\/?p=52676"},"modified":"2021-02-06T10:39:13","modified_gmt":"2021-02-06T09:39:13","slug":"michele-bravi-in-testa-alla-classifica-vendite-album-e-vinili","status":"publish","type":"post","link":"https:\/\/www.messinaoggi.it\/website\/2021\/02\/06\/michele-bravi-in-testa-alla-classifica-vendite-album-e-vinili\/","title":{"rendered":"Michele Bravi in testa alla classifica vendite album e vinili"},"content":{"rendered":"<div>MILANO (ITALPRESS) &#8211; Michele Bravi domina la classifica FIMI\/Gfk degli album e dei vinili pi\u00f9 venduti della settimana con &#8220;La Geografia del Buio&#8221;, pubblicato il 29 gennaio e disponibile su tutte le piattaforme digitali, in formato cd e in vinile. L&#8217;album \u00e8 stato prodotto da Francesco &#8220;Katoo&#8221; Catitti, che aveva gi\u00e0 in precedenza collaborato con Michele; il pianoforte, che accompagna la voce dell&#8217;artista in tutte le tracce, \u00e8 suonato da Andrea Manzoni. Il progetto \u00e8 stato curato da Show Reel Factory. L&#8217;artista torner\u00e0 a esibirsi live. Il tour, dopo la prima data a Parma il 9 novembre, proseguir\u00e0 a Milano, domenica 14 novembre, presso il Fabrique, a Venaria Reale, gioved\u00ec 18 novembre, al Teatro della Concordia, a Padova, domenica 21 novembre, all&#8217;Hall e a Firenze, mercoled\u00ec 24 novembre, presso il Viper Theatre. Continuer\u00e0 il suo viaggio sabato 27 novembre a Bologna, al Locomotiv Club, al Teatro Centrale di Roma, sabato 4 dicembre e a Pozzuoli, marted\u00ec 7 dicembre, presso il Duel Beat, concludendo la tourn\u00e8e sabato 11 dicembre a Modugno.<br \/>\n(ITALPRESS).<\/div>\n<div id=\"div-gpt-ad-Messinaoggi.it-DSK-300x250-corpoart\" style=\"text-align:center;margin:0 auto;\"><\/div><\/p><div id=\"videoincontent\" style=\"clear:both\";><\/div>","protected":false},"excerpt":{"rendered":"<p>MILANO (ITALPRESS) &#8211; Michele Bravi domina la classifica FIMI\/Gfk degli album e dei vinili pi\u00f9 venduti della settimana con &#8220;La Geografia del Buio&#8221;, pubblicato il 29 gennaio e disponibile su tutte le piattaforme digitali, in formato cd e in vinile. L&#8217;album \u00e8 stato prodotto da Francesco &#8220;Katoo&#8221; Catitti, che aveva gi\u00e0 in precedenza collaborato con [&hellip;]<\/p>\n","protected":false},"author":2,"featured_media":52677,"comment_status":"closed","ping_status":"closed","sticky":false,"template":"","format":"standard","meta":{"ub_ctt_via":"","_mi_skip_tracking":false},"categories":[446,17],"tags":[],"featured_image_src":"https:\/\/www.messinaoggi.it\/website\/wp-content\/uploads\/2021\/02\/20210205_2443.jpg","author_info":{"display_name":"Redazione","author_link":"https:\/\/www.messinaoggi.it\/website\/author\/redazione\/"},"digistream_id":0,"digistream":false,"_links":{"self":[{"href":"https:\/\/www.messinaoggi.it\/website\/wp-json\/wp\/v2\/posts\/52676"}],"collection":[{"href":"https:\/\/www.messinaoggi.it\/website\/wp-json\/wp\/v2\/posts"}],"about":[{"href":"https:\/\/www.messinaoggi.it\/website\/wp-json\/wp\/v2\/types\/post"}],"author":[{"embeddable":true,"href":"https:\/\/www.messinaoggi.it\/website\/wp-json\/wp\/v2\/users\/2"}],"replies":[{"embeddable":true,"href":"https:\/\/www.messinaoggi.it\/website\/wp-json\/wp\/v2\/comments?post=52676"}],"version-history":[{"count":0,"href":"https:\/\/www.messinaoggi.it\/website\/wp-json\/wp\/v2\/posts\/52676\/revisions"}],"wp:featuredmedia":[{"embeddable":true,"href":"https:\/\/www.messinaoggi.it\/website\/wp-json\/wp\/v2\/media\/52677"}],"wp:attachment":[{"href":"https:\/\/www.messinaoggi.it\/website\/wp-json\/wp\/v2\/media?parent=52676"}],"wp:term":[{"taxonomy":"category","embeddable":true,"href":"https:\/\/www.messinaoggi.it\/website\/wp-json\/wp\/v2\/categories?post=52676"},{"taxonomy":"post_tag","embeddable":true,"href":"https:\/\/www.messinaoggi.it\/website\/wp-json\/wp\/v2\/tags?post=52676"}],"curies":[{"name":"wp","href":"https:\/\/api.w.org\/{rel}","templated":true}]}}