{"id":52639,"date":"2021-02-05T17:13:20","date_gmt":"2021-02-05T16:13:20","guid":{"rendered":"https:\/\/www.messinaoggi.it\/website\/?p=52639"},"modified":"2021-02-05T17:13:20","modified_gmt":"2021-02-05T16:13:20","slug":"cantieri-di-lavoro-comunali-ecco-lelenco-delle-convocazioni","status":"publish","type":"post","link":"https:\/\/www.messinaoggi.it\/website\/2021\/02\/05\/cantieri-di-lavoro-comunali-ecco-lelenco-delle-convocazioni\/","title":{"rendered":"Cantieri di lavoro comunali: ecco l&#039;elenco delle convocazioni"},"content":{"rendered":"<div class=\"col-12 mb-5 mt-2\" style=\"box-sizing: border-box; position: relative; width: 777.328px; padding-right: 6px; padding-left: 6px; -webkit-box-flex: 0; flex: 0 0 100%; max-width: 100%; margin-top: 8px !important; margin-bottom: 48px !important; color: #19191a; font-family: Titillium Web, Geneva, Tahoma, sans-serif; font-size: 18px; font-style: normal; font-variant-ligatures: normal; font-variant-caps: normal; font-weight: 300; letter-spacing: normal; orphans: 2; text-align: left; text-indent: 0px; text-transform: none; white-space: normal; widows: 2; word-spacing: 0px; -webkit-text-stroke-width: 0px; background-color: #ffffff; text-decoration-thickness: initial; text-decoration-style: initial; text-decoration-color: initial;\">\n<p style=\"box-sizing: border-box; margin: 0px; font-weight: 500 !important;\" align=\"justify\"><span style=\"box-sizing: border-box; font-size: large;\">L\u2019inizio dei programmi di lavoro dei Cantieri di servizi \u00e8 stato fissato a partire da marted\u00ec 9 febbraio. La convocazione dei beneficiari seguir\u00e0 la programmazione pubblicata sul sito del Comune, sezione Informazioni. Per ottemperare alle misure anti Covid, i partecipanti dovranno presentarsi secondo il proprio programma di appartenenza nel luogo e nell\u2019ora stabilita nel prospetto presente nell\u2019avviso.<\/span><div id=\"div-gpt-ad-Messinaoggi.it-DSK-300x250-corpoart\" style=\"text-align:center;margin:0 auto;\"><\/div><\/p>\n<p style=\"box-sizing: border-box; margin: 0px; font-weight: 500 !important;\" align=\"justify\"><span style=\"box-sizing: border-box; font-size: large;\">Ad esempio, i cittadini inseriti nel programma di lavoro 1, dovranno recarsi al Palacultura, Sala 1, alle ore 10.<\/span><div id=\"videoincontent\" style=\"clear:both\";><\/div><\/p>\n<p style=\"box-sizing: border-box; margin: 0px; font-weight: 500 !important;\" align=\"justify\"><span style=\"box-sizing: border-box; font-size: large;\">Nelle sedi indicate saranno presenti i responsabili dei singoli programmi di lavoro, che illustreranno le attivit\u00e0 da svolgere e procederanno all\u2019assegnazione dei dispositivi di protezione individuale. Tutti i destinatari dei trentaquattro programmi di lavoro hanno gi\u00e0 effettuato le visite mediche e hanno seguito i corsi di informazione\/formazione sulla sicurezza nei luoghi di lavoro.<\/span><\/p>\n<p style=\"box-sizing: border-box; margin: 0px; font-weight: 500 !important;\" align=\"justify\"><span style=\"box-sizing: border-box; font-size: large;\">Le attivit\u00e0 da svolgere spaziano dalla pulizia e piccola manutenzione dei locali comunali alla manutenzione del verde nelle ville e negli spazi cittadini. In ogni fase dei Cantieri di servizi bisogna rispettare le misure anti-Covid.<\/span><\/p>\n<\/div>\n<div class=\"container\" style=\"box-sizing: border-box; width: 777.328px; padding-right: 6px; padding-left: 6px; margin-right: auto; margin-left: auto; max-width: 1184px; color: #19191a; font-family: Titillium Web, Geneva, Tahoma, sans-serif; font-size: 18px; font-style: normal; font-variant-ligatures: normal; font-variant-caps: normal; font-weight: 300; letter-spacing: normal; orphans: 2; text-align: left; text-indent: 0px; text-transform: none; white-space: normal; widows: 2; word-spacing: 0px; -webkit-text-stroke-width: 0px; background-color: #ffffff; text-decoration-thickness: initial; text-decoration-style: initial; text-decoration-color: initial;\">\n<div class=\"row\" style=\"box-sizing: border-box; display: flex; flex-wrap: wrap; margin-right: -6px; margin-left: -6px;\">\n<div class=\"col-12\" style=\"box-sizing: border-box; position: relative; width: 777.328px; padding-right: 6px; padding-left: 6px; -webkit-box-flex: 0; flex: 0 0 100%; max-width: 100%;\">\n<div class=\"dkpdf-button-container\" style=\"box-sizing: border-box; width: 765.328px; float: left; padding-top: 20px; padding-bottom: 40px; text-align: right;\"><\/div>\n<\/div>\n<\/div>\n<\/div>\n","protected":false},"excerpt":{"rendered":"<p>L\u2019inizio dei programmi di lavoro dei Cantieri di servizi \u00e8 stato fissato a partire da marted\u00ec 9 febbraio. La convocazione dei beneficiari seguir\u00e0 la programmazione pubblicata sul sito del Comune, sezione Informazioni. Per ottemperare alle misure anti Covid, i partecipanti dovranno presentarsi secondo il proprio programma di appartenenza nel luogo e nell\u2019ora stabilita nel prospetto [&hellip;]<\/p>\n","protected":false},"author":4,"featured_media":42112,"comment_status":"closed","ping_status":"closed","sticky":false,"template":"","format":"standard","meta":{"ub_ctt_via":"","_mi_skip_tracking":false},"categories":[5],"tags":[],"featured_image_src":"https:\/\/www.messinaoggi.it\/website\/wp-content\/uploads\/2020\/04\/disinfezione-palazzo-zanca-dallesercito.jpg","author_info":{"display_name":"redme","author_link":"https:\/\/www.messinaoggi.it\/website\/author\/redme\/"},"digistream_id":0,"digistream":false,"_links":{"self":[{"href":"https:\/\/www.messinaoggi.it\/website\/wp-json\/wp\/v2\/posts\/52639"}],"collection":[{"href":"https:\/\/www.messinaoggi.it\/website\/wp-json\/wp\/v2\/posts"}],"about":[{"href":"https:\/\/www.messinaoggi.it\/website\/wp-json\/wp\/v2\/types\/post"}],"author":[{"embeddable":true,"href":"https:\/\/www.messinaoggi.it\/website\/wp-json\/wp\/v2\/users\/4"}],"replies":[{"embeddable":true,"href":"https:\/\/www.messinaoggi.it\/website\/wp-json\/wp\/v2\/comments?post=52639"}],"version-history":[{"count":0,"href":"https:\/\/www.messinaoggi.it\/website\/wp-json\/wp\/v2\/posts\/52639\/revisions"}],"wp:featuredmedia":[{"embeddable":true,"href":"https:\/\/www.messinaoggi.it\/website\/wp-json\/wp\/v2\/media\/42112"}],"wp:attachment":[{"href":"https:\/\/www.messinaoggi.it\/website\/wp-json\/wp\/v2\/media?parent=52639"}],"wp:term":[{"taxonomy":"category","embeddable":true,"href":"https:\/\/www.messinaoggi.it\/website\/wp-json\/wp\/v2\/categories?post=52639"},{"taxonomy":"post_tag","embeddable":true,"href":"https:\/\/www.messinaoggi.it\/website\/wp-json\/wp\/v2\/tags?post=52639"}],"curies":[{"name":"wp","href":"https:\/\/api.w.org\/{rel}","templated":true}]}}