{"id":52627,"date":"2021-02-05T10:54:23","date_gmt":"2021-02-05T09:54:23","guid":{"rendered":"https:\/\/www.messinaoggi.it\/website\/?p=52627"},"modified":"2021-02-05T10:54:23","modified_gmt":"2021-02-05T09:54:23","slug":"dimissioni-de-luca-ora-messina-teatrino-vergognoso-nessun-rispetto-per-la-citta","status":"publish","type":"post","link":"https:\/\/www.messinaoggi.it\/website\/2021\/02\/05\/dimissioni-de-luca-ora-messina-teatrino-vergognoso-nessun-rispetto-per-la-citta\/","title":{"rendered":"Dimissioni De Luca, Ora Messina: &quot;Teatrino vergognoso, nessun rispetto per la citt\u00e0&quot;"},"content":{"rendered":"<p style=\"text-align: justify\">&#8220;Ci sarebbe, davvero, poco da commentare. Tutto come previsto, nella pi\u00f9 scontata delle messinscene. Il punto pi\u00f9 basso di questa amministrazione \u00e8 stato toccato, ma siamo sicuri che il sindaco De Luca sapr\u00e0 sorprenderci in peggio. La citt\u00e0 di Messina \u00e8 stata vittima di un copione gi\u00e0 scritto, noioso e ripetitivo. Una pantomima che non meritava. Che mostra, ancora una volta, un personaggio pi\u00f9 attento alla recitazione che alla politica&#8221;. Questo il commento del gruppo di OraMessina in Consiglio comunale a seguito del ritiro delle dimissioni del sindaco Cateno De Luca.<div id=\"div-gpt-ad-Messinaoggi.it-DSK-300x250-corpoart\" style=\"text-align:center;margin:0 auto;\"><\/div><\/p>\n<blockquote class=\"wp-embedded-content\" data-secret=\"DogEO9TBhU\"><p><a href=\"https:\/\/www.messinaoggi.it\/website\/2021\/02\/05\/nulla-di-nuovo-de-luca-ritira-le-dimissioni\/\">Nulla di nuovo: De Luca ritira le dimissioni<\/a><div id=\"videoincontent\" style=\"clear:both\";><\/div><\/p><\/blockquote>\n<p><iframe class=\"wp-embedded-content\" sandbox=\"allow-scripts\" security=\"restricted\" style=\"position: absolute; clip: rect(1px, 1px, 1px, 1px);\" title=\"&#8220;Nulla di nuovo: De Luca ritira le dimissioni&#8221; &#8212; Messina Oggi\" src=\"https:\/\/www.messinaoggi.it\/website\/2021\/02\/05\/nulla-di-nuovo-de-luca-ritira-le-dimissioni\/embed\/#?secret=DogEO9TBhU\" data-secret=\"DogEO9TBhU\" width=\"500\" height=\"282\" frameborder=\"0\" marginwidth=\"0\" marginheight=\"0\" scrolling=\"no\"><\/iframe><\/p>\n<p style=\"text-align: justify\">&#8220;Una cronistoria ricca di sue verit\u00e0, condita da complottismo e manie di persecuzione che palesano, se mai ce ne fosse bisogno, una totale assenza di contenuti. &#8211; prosegue il gruppo consiliare &#8211; Una diretta Facebook, la solita, nella quale dire tutto e il contrario di tutto senza che nessuno possa controbattere o contestare. Non \u00e8 chiaro, ancora, il motivo che ha spinto il sindaco De Luca a mettere in piedi questo inutile spettacolo, sullo sfondo di una pandemia e di una crisi economica mondiale. Accuse verso tutto e tutti, anche per un Consiglio reo di non fare quello che vuole lui. Alla fine, infatti, il suo pi\u00f9 grosso fastidio \u00e8 rappresentato dalla democrazia. La cosa, per\u00f2, non ci preoccupa e, pur restando asini volanti, proseguiremo nel nostro compito anche non entrando pi\u00f9 nella sua stanza. Non ci fermeranno le minacce o lo squadrismo social, ennesima strategia desolante, gi\u00e0 in atto da qualche tempo.<\/p>\n<p style=\"text-align: justify\">&#8220;La contorta strategia che aveva ideato gli si \u00e8 rivoltata contro, per giustificarla sono state tirate fuori teorie contraddittorie utili solo per giustificare la mancanza di coraggio. Il coraggio s\u00ec, perch\u00e9 il sindaco De Luca non ha avuto la forza di rispettare le sue stesse parole: quelle che mettevano il suo mandato prima nelle mani del presidente Musumeci e poi in quelle del Consiglio comunale. Le sue richieste sono state bocciate sia dalla Regione che dal Civico consesso, lui non ha avuto il coraggio di dimettersi, cio\u00e8 di fare quello che aveva detto. Semplicemente perch\u00e9 non aveva nessuna intenzione di farlo, mai avuta. Dovremmo pentirci, tutti, del tempo perduto nel votare la mozione &#8216;salva De Luca&#8217; di mercoled\u00ec scorso: una seduta in cui siamo stati costretti a mettere da parte i problemi reali per discutere di dimissioni fittizie. L\u2019ennesimo personalismo egocentrico, favorito da chi ha deciso di supportare questa amministrazione&#8221;.<\/p>\n<div><\/div>\n","protected":false},"excerpt":{"rendered":"<p>&#8220;Ci sarebbe, davvero, poco da commentare. Tutto come previsto, nella pi\u00f9 scontata delle messinscene. Il punto pi\u00f9 basso di questa amministrazione \u00e8 stato toccato, ma siamo sicuri che il sindaco De Luca sapr\u00e0 sorprenderci in peggio. La citt\u00e0 di Messina \u00e8 stata vittima di un copione gi\u00e0 scritto, noioso e ripetitivo. Una pantomima che non [&hellip;]<\/p>\n","protected":false},"author":8,"featured_media":39923,"comment_status":"closed","ping_status":"closed","sticky":false,"template":"","format":"standard","meta":{"ub_ctt_via":"","_mi_skip_tracking":false},"categories":[4],"tags":[],"featured_image_src":"https:\/\/www.messinaoggi.it\/website\/wp-content\/uploads\/2020\/01\/EDAAB985-E750-4E69-AB39-C6EC85411366.jpeg","author_info":{"display_name":"red..me","author_link":"https:\/\/www.messinaoggi.it\/website\/author\/redstage\/"},"digistream_id":0,"digistream":false,"_links":{"self":[{"href":"https:\/\/www.messinaoggi.it\/website\/wp-json\/wp\/v2\/posts\/52627"}],"collection":[{"href":"https:\/\/www.messinaoggi.it\/website\/wp-json\/wp\/v2\/posts"}],"about":[{"href":"https:\/\/www.messinaoggi.it\/website\/wp-json\/wp\/v2\/types\/post"}],"author":[{"embeddable":true,"href":"https:\/\/www.messinaoggi.it\/website\/wp-json\/wp\/v2\/users\/8"}],"replies":[{"embeddable":true,"href":"https:\/\/www.messinaoggi.it\/website\/wp-json\/wp\/v2\/comments?post=52627"}],"version-history":[{"count":0,"href":"https:\/\/www.messinaoggi.it\/website\/wp-json\/wp\/v2\/posts\/52627\/revisions"}],"wp:featuredmedia":[{"embeddable":true,"href":"https:\/\/www.messinaoggi.it\/website\/wp-json\/wp\/v2\/media\/39923"}],"wp:attachment":[{"href":"https:\/\/www.messinaoggi.it\/website\/wp-json\/wp\/v2\/media?parent=52627"}],"wp:term":[{"taxonomy":"category","embeddable":true,"href":"https:\/\/www.messinaoggi.it\/website\/wp-json\/wp\/v2\/categories?post=52627"},{"taxonomy":"post_tag","embeddable":true,"href":"https:\/\/www.messinaoggi.it\/website\/wp-json\/wp\/v2\/tags?post=52627"}],"curies":[{"name":"wp","href":"https:\/\/api.w.org\/{rel}","templated":true}]}}