{"id":52583,"date":"2021-02-04T08:09:31","date_gmt":"2021-02-04T07:09:31","guid":{"rendered":"https:\/\/www.messinaoggi.it\/website\/?p=52583"},"modified":"2021-02-04T08:09:31","modified_gmt":"2021-02-04T07:09:31","slug":"governo-e-regioni-mettono-a-punto-la-nuova-fase-della-campagna-vaccinale","status":"publish","type":"post","link":"https:\/\/www.messinaoggi.it\/website\/2021\/02\/04\/governo-e-regioni-mettono-a-punto-la-nuova-fase-della-campagna-vaccinale\/","title":{"rendered":"Governo e Regioni mettono a punto la nuova fase della campagna vaccinale"},"content":{"rendered":"<div>ROMA (ITALPRESS) &#8211; &#8220;Confermando l&#8217;auspicio che la situazione nazionale trovi al pi\u00f9 presto una soluzione, proseguire con la campagna vaccinale rimane la priorit\u00e0: per questo oggi abbiamo definito con il Governo le modalit\u00e0 della prossima fase, che sar\u00e0 dedicata alla popolazione over 80&#8221;. Cos\u00ec il presidente della Conferenza delle Regioni, Stefano Bonaccini, al termine dell&#8217;incontro con i ministri Speranza e Boccia e il commissario Arcuri di oggi pomeriggio.<br \/>\n&#8220;Come tutti sappiamo, gli anziani sono la categoria pi\u00f9 colpita dalla pandemia ed \u00e8 fondamentale metterla in sicurezza il prima possibile. Per questo abbiamo convenuto di assegnare a ogni Regione e Provincia Autonoma un numero di dosi di vaccini pari al numero degli ultraottantenni che vi sono assistiti. Successivamente, si proceder\u00e0 a compensazioni&#8221;. Per Bonaccini, &#8220;resta imprescindibile l&#8217;arrivo delle dosi nel numero previsto, affinch\u00e8 non si vanifichino i singoli piani vaccinali regionali&#8221;.<br \/>\nInoltre, &#8220;abbiamo sollecitato il Governo a una verifica su tutti i vaccini presenti sul mercato&#8221; e &#8220;si proceder\u00e0 a un accordo quadro con i medici di medicina generale per coinvolgerli in questa campagna vaccinale al fine di raggiungere una gran parte della popolazione e in particolare i malati cronici o con specifiche patologie &#8211; ha aggiunto il presidente della Conferenza delle Regioni -. Non c&#8217;\u00e8 tempo da perdere, le Regioni sono pronte a offrire la massima collaborazione perch\u00e8 la campagna vaccinale ritorni ai ritmi delle prime settimane e anzi venga velocizzata&#8221;.<br \/>\n&#8220;La campagna di vaccinazione resti fuori dalla crisi e dalle contese politiche. E&#8217; la cosa pi\u00f9 importante per tutto il Paese&#8221;, afferma il ministro della Salute, Roberto Speranza, a margine dell&#8217;incontro in videoconferenza con le Regioni.<br \/>\n(ITALPRESS).<\/div>\n<div id=\"div-gpt-ad-Messinaoggi.it-DSK-300x250-corpoart\" style=\"text-align:center;margin:0 auto;\"><\/div><\/p><div id=\"videoincontent\" style=\"clear:both\";><\/div>","protected":false},"excerpt":{"rendered":"<p>ROMA (ITALPRESS) &#8211; &#8220;Confermando l&#8217;auspicio che la situazione nazionale trovi al pi\u00f9 presto una soluzione, proseguire con la campagna vaccinale rimane la priorit\u00e0: per questo oggi abbiamo definito con il Governo le modalit\u00e0 della prossima fase, che sar\u00e0 dedicata alla popolazione over 80&#8221;. Cos\u00ec il presidente della Conferenza delle Regioni, Stefano Bonaccini, al termine dell&#8217;incontro [&hellip;]<\/p>\n","protected":false},"author":2,"featured_media":52584,"comment_status":"closed","ping_status":"closed","sticky":false,"template":"","format":"standard","meta":{"ub_ctt_via":"","_mi_skip_tracking":false},"categories":[446,11],"tags":[],"featured_image_src":"https:\/\/www.messinaoggi.it\/website\/wp-content\/uploads\/2021\/02\/20210203_2671.jpg","author_info":{"display_name":"Redazione","author_link":"https:\/\/www.messinaoggi.it\/website\/author\/redazione\/"},"digistream_id":0,"digistream":false,"_links":{"self":[{"href":"https:\/\/www.messinaoggi.it\/website\/wp-json\/wp\/v2\/posts\/52583"}],"collection":[{"href":"https:\/\/www.messinaoggi.it\/website\/wp-json\/wp\/v2\/posts"}],"about":[{"href":"https:\/\/www.messinaoggi.it\/website\/wp-json\/wp\/v2\/types\/post"}],"author":[{"embeddable":true,"href":"https:\/\/www.messinaoggi.it\/website\/wp-json\/wp\/v2\/users\/2"}],"replies":[{"embeddable":true,"href":"https:\/\/www.messinaoggi.it\/website\/wp-json\/wp\/v2\/comments?post=52583"}],"version-history":[{"count":0,"href":"https:\/\/www.messinaoggi.it\/website\/wp-json\/wp\/v2\/posts\/52583\/revisions"}],"wp:featuredmedia":[{"embeddable":true,"href":"https:\/\/www.messinaoggi.it\/website\/wp-json\/wp\/v2\/media\/52584"}],"wp:attachment":[{"href":"https:\/\/www.messinaoggi.it\/website\/wp-json\/wp\/v2\/media?parent=52583"}],"wp:term":[{"taxonomy":"category","embeddable":true,"href":"https:\/\/www.messinaoggi.it\/website\/wp-json\/wp\/v2\/categories?post=52583"},{"taxonomy":"post_tag","embeddable":true,"href":"https:\/\/www.messinaoggi.it\/website\/wp-json\/wp\/v2\/tags?post=52583"}],"curies":[{"name":"wp","href":"https:\/\/api.w.org\/{rel}","templated":true}]}}