{"id":52573,"date":"2021-02-03T19:43:03","date_gmt":"2021-02-03T18:43:03","guid":{"rendered":"https:\/\/www.messinaoggi.it\/website\/?p=52573"},"modified":"2021-02-03T19:43:03","modified_gmt":"2021-02-03T18:43:03","slug":"vertice-lega-a-palermo-stipulato-un-patto-per-i-territori","status":"publish","type":"post","link":"https:\/\/www.messinaoggi.it\/website\/2021\/02\/03\/vertice-lega-a-palermo-stipulato-un-patto-per-i-territori\/","title":{"rendered":"Vertice Lega a Palermo: &quot;Stipulato un patto per i territori&quot;"},"content":{"rendered":"<div>Questa mattina a Palermo, presso i locali del gruppo Lega dell\u2019Ars, si sono riuniti il segretario regionale della Lega, Nino Minardo, il capogruppo all\u2019Ars e commissario provinciale per Messina, Antonio Catalfamo ed il commissario provinciale per Palermo, Vincenzo Figuccia.<\/div>\n<div><\/div>\n<div>A margine dell\u2019incontro \u00e8 stata condivisa l\u2019esigenza di una maggiore autonomia organizzativa sui territori con il fine di valorizzarne le specificit\u00e0 e i profili di responsabilit\u00e0 politica in vista di una nuova e pi\u00f9 incisiva strategia per le imminenti elezioni amministrative dell\u2019Isola.<\/div>\n<div><\/div>\n<div>Minardo ha ribadito l\u2019importanza di un nuovo patto con i territori all\u2019insegna del rapporto fiduciario tra deputati, organismi territoriali non solo politici e coordinamenti provinciali e cittadini.<\/div>\n<div><\/div>\n<div>&#8220;Si \u00e8 rivelata una mattinata proficua &#8211; dichiara Minardo &#8211; sono certo che con tutti i commissari provinciali svolgeremo un\u2019azione di rinnovata partecipazione politica mettendo al centro i territori e le loro esigenze&#8221;.<\/div>\n<div><\/div>\n<div>Seguir\u00e0 un incontro da remoto con tutti i commissari provinciali per ridare nuovo slancio al programma della Lega sui singoli territori per coordinare le strategie in vista dei prossimi appuntamenti elettorali.<\/div>\n<div id=\"div-gpt-ad-Messinaoggi.it-DSK-300x250-corpoart\" style=\"text-align:center;margin:0 auto;\"><\/div><\/p><div id=\"videoincontent\" style=\"clear:both\";><\/div>","protected":false},"excerpt":{"rendered":"<p>Questa mattina a Palermo, presso i locali del gruppo Lega dell\u2019Ars, si sono riuniti il segretario regionale della Lega, Nino Minardo, il capogruppo all\u2019Ars e commissario provinciale per Messina, Antonio Catalfamo ed il commissario provinciale per Palermo, Vincenzo Figuccia. A margine dell\u2019incontro \u00e8 stata condivisa l\u2019esigenza di una maggiore autonomia organizzativa sui territori con il [&hellip;]<\/p>\n","protected":false},"author":4,"featured_media":50697,"comment_status":"closed","ping_status":"closed","sticky":false,"template":"","format":"standard","meta":{"ub_ctt_via":"","_mi_skip_tracking":false},"categories":[4],"tags":[],"featured_image_src":"https:\/\/www.messinaoggi.it\/website\/wp-content\/uploads\/2020\/12\/lega-matteo-salvini-e-nino-minardo.jpg","author_info":{"display_name":"redme","author_link":"https:\/\/www.messinaoggi.it\/website\/author\/redme\/"},"digistream_id":0,"digistream":false,"_links":{"self":[{"href":"https:\/\/www.messinaoggi.it\/website\/wp-json\/wp\/v2\/posts\/52573"}],"collection":[{"href":"https:\/\/www.messinaoggi.it\/website\/wp-json\/wp\/v2\/posts"}],"about":[{"href":"https:\/\/www.messinaoggi.it\/website\/wp-json\/wp\/v2\/types\/post"}],"author":[{"embeddable":true,"href":"https:\/\/www.messinaoggi.it\/website\/wp-json\/wp\/v2\/users\/4"}],"replies":[{"embeddable":true,"href":"https:\/\/www.messinaoggi.it\/website\/wp-json\/wp\/v2\/comments?post=52573"}],"version-history":[{"count":0,"href":"https:\/\/www.messinaoggi.it\/website\/wp-json\/wp\/v2\/posts\/52573\/revisions"}],"wp:featuredmedia":[{"embeddable":true,"href":"https:\/\/www.messinaoggi.it\/website\/wp-json\/wp\/v2\/media\/50697"}],"wp:attachment":[{"href":"https:\/\/www.messinaoggi.it\/website\/wp-json\/wp\/v2\/media?parent=52573"}],"wp:term":[{"taxonomy":"category","embeddable":true,"href":"https:\/\/www.messinaoggi.it\/website\/wp-json\/wp\/v2\/categories?post=52573"},{"taxonomy":"post_tag","embeddable":true,"href":"https:\/\/www.messinaoggi.it\/website\/wp-json\/wp\/v2\/tags?post=52573"}],"curies":[{"name":"wp","href":"https:\/\/api.w.org\/{rel}","templated":true}]}}