{"id":52566,"date":"2021-02-03T17:57:24","date_gmt":"2021-02-03T16:57:24","guid":{"rendered":"https:\/\/www.messinaoggi.it\/website\/?p=52566"},"modified":"2021-02-03T17:57:24","modified_gmt":"2021-02-03T16:57:24","slug":"de-luca-si-chiude-una-fase-politica-amministrativa-strali-contro-consiglieri","status":"publish","type":"post","link":"https:\/\/www.messinaoggi.it\/website\/2021\/02\/03\/de-luca-si-chiude-una-fase-politica-amministrativa-strali-contro-consiglieri\/","title":{"rendered":"De Luca: &quot;Si chiude una fase politica amministrativa&quot;. Strali contro consiglieri"},"content":{"rendered":"<div class=\"kvgmc6g5 cxmmr5t8 oygrvhab hcukyx3x c1et5uql ii04i59q\">\n<div dir=\"auto\">&#8220;Si chiude una fase politica amministrativa&#8221;, \u00e8 un lungo post sui social a decretare la giornata di Cateno De Luca in Consiglio. &#8220;Domani sera, al mio rientro, ne parleremo alle 20:30 in diretta sulla pagina De Luca sindaco di Messina&#8221;.<\/div>\n<div dir=\"auto\"><\/div>\n<div dir=\"auto\">Stamattina alle 5 ho messo questo messaggio sul gruppo degli assessori e partecipate: gli assessori, il segretario generale, il direttore generale ed I componenti dei Cda delle partecipate sono invitati a partecipare, gioved\u00ec 4 febbraio alle ore 22:30, nel salone della bandiere al saluto di commiato di questa fase amministrativa. Rimane fissata alle 21:30 l\u2019ultima giunta di questa fase amministrativa. Si raccomanda la puntualit\u00e0. Grazie per il lavoro che avete svolto per la nostra citt\u00e0. Un caro saluto&#8221;.<\/div>\n<div dir=\"auto\"><\/div>\n<div dir=\"auto\">In allegato l\u2019esito dell\u2019odierna votazione del Consiglio comunale sulla mozione presentata dal consigliere Nello Pergolizzi o il sindaco De Luca o il direttore di Asp Paolo La Paglia.<\/div>\n<div dir=\"auto\"><\/div>\n<div dir=\"auto\">Ringrazio i cinque consiglieri comunali che hanno votato a favore del sindaco De Luca: Nello Pergolizzi &#8211; Salvatore Serra &#8211; Serena Giannetto &#8211; Alessandro De Leo e Francesco Cipolla.<\/div>\n<div dir=\"auto\"><\/div>\n<div dir=\"auto\">Ringrazio i 16 consiglieri comunali che hanno votato apertamente contro il sindaco De Luca compreso il presidente del Consiglio comunale che, per la prima volta, ha votato senza astenersi come aveva sempre fatto (tranne delibera liquidazione Atm) per prassi perch\u00e9 evidentemente aveva la necessit\u00e0 di manifestare platealmente il suo disprezzo nei miei confronti gi\u00e0 corroborato dalla persistente violazione delle regole e delle leggi che disciplinano il rapporto tra giunta e consiglio comunale (per mero errore Giovanni Caruso risulta astenuto mentre ha votato contro).<\/div>\n<div dir=\"auto\"><\/div>\n<div dir=\"auto\">Mi vergogno per l\u2019odierna assenza al momento del voto di ben 10 consiglieri consiglieri comunali, che hanno preferito non mostrare alla citt\u00e0 le proprie reali intenzioni.<\/div>\n<div dir=\"auto\"><\/div>\n<div dir=\"auto\">Non trovo aggettivi per qualificare il comportamento dei consiglieri comunali Libero Gioveni che, dopo aver spalato fango in aula, non ha avuto la correttezza di votare contro il sindaco De Luca, ma il primo ha votato a favore. Grazie a tutti. Ci vediamo domani sera&#8221;.<\/div>\n<\/div>\n<div id=\"div-gpt-ad-Messinaoggi.it-DSK-300x250-corpoart\" style=\"text-align:center;margin:0 auto;\"><\/div><\/p><div id=\"videoincontent\" style=\"clear:both\";><\/div>","protected":false},"excerpt":{"rendered":"<p>&#8220;Si chiude una fase politica amministrativa&#8221;, \u00e8 un lungo post sui social a decretare la giornata di Cateno De Luca in Consiglio. &#8220;Domani sera, al mio rientro, ne parleremo alle 20:30 in diretta sulla pagina De Luca sindaco di Messina&#8221;. Stamattina alle 5 ho messo questo messaggio sul gruppo degli assessori e partecipate: gli assessori, [&hellip;]<\/p>\n","protected":false},"author":4,"featured_media":51834,"comment_status":"closed","ping_status":"closed","sticky":false,"template":"","format":"standard","meta":{"ub_ctt_via":"","_mi_skip_tracking":false},"categories":[4],"tags":[],"featured_image_src":"https:\/\/www.messinaoggi.it\/website\/wp-content\/uploads\/2021\/01\/11DCDEB9-4B0E-40BF-A20A-C5CF98C7A009.jpeg","author_info":{"display_name":"redme","author_link":"https:\/\/www.messinaoggi.it\/website\/author\/redme\/"},"digistream_id":0,"digistream":false,"_links":{"self":[{"href":"https:\/\/www.messinaoggi.it\/website\/wp-json\/wp\/v2\/posts\/52566"}],"collection":[{"href":"https:\/\/www.messinaoggi.it\/website\/wp-json\/wp\/v2\/posts"}],"about":[{"href":"https:\/\/www.messinaoggi.it\/website\/wp-json\/wp\/v2\/types\/post"}],"author":[{"embeddable":true,"href":"https:\/\/www.messinaoggi.it\/website\/wp-json\/wp\/v2\/users\/4"}],"replies":[{"embeddable":true,"href":"https:\/\/www.messinaoggi.it\/website\/wp-json\/wp\/v2\/comments?post=52566"}],"version-history":[{"count":0,"href":"https:\/\/www.messinaoggi.it\/website\/wp-json\/wp\/v2\/posts\/52566\/revisions"}],"wp:featuredmedia":[{"embeddable":true,"href":"https:\/\/www.messinaoggi.it\/website\/wp-json\/wp\/v2\/media\/51834"}],"wp:attachment":[{"href":"https:\/\/www.messinaoggi.it\/website\/wp-json\/wp\/v2\/media?parent=52566"}],"wp:term":[{"taxonomy":"category","embeddable":true,"href":"https:\/\/www.messinaoggi.it\/website\/wp-json\/wp\/v2\/categories?post=52566"},{"taxonomy":"post_tag","embeddable":true,"href":"https:\/\/www.messinaoggi.it\/website\/wp-json\/wp\/v2\/tags?post=52566"}],"curies":[{"name":"wp","href":"https:\/\/api.w.org\/{rel}","templated":true}]}}