{"id":52549,"date":"2021-02-03T15:45:53","date_gmt":"2021-02-03T14:45:53","guid":{"rendered":"https:\/\/www.messinaoggi.it\/website\/?p=52549"},"modified":"2021-02-03T15:45:53","modified_gmt":"2021-02-03T14:45:53","slug":"galleria-san-jachiddu-venerdi-lennesima-chiusura-per-lavori","status":"publish","type":"post","link":"https:\/\/www.messinaoggi.it\/website\/2021\/02\/03\/galleria-san-jachiddu-venerdi-lennesima-chiusura-per-lavori\/","title":{"rendered":"Galleria San Jachiddu, venerd\u00ec l&#039;ennesima chiusura per lavori"},"content":{"rendered":"<p>Dalle 9 alle 18 di venerd\u00ec 5, sar\u00e0 vietato il transito, in entrambi i sensi di marcia, nella galleria San Jachiddu di collegamento tra il viale Giostra ed il viale Annunziata, provvedendo ad interdire le bretelle di collegamento con collocazione di idonea transennatura e di segnaletica di preavviso di chiusura della galleria lungo i viali Giostra e Annunziata.<br \/>\nIl provvedimento \u00e8 stato adottato per consentire l\u2019esecuzione di interventi nell\u2019ambito dei lavori di riqualificazione funzionale e ammodernamento tecnologico degli impianti installati nella galleria stradale San Jachiddu \u2013 Interventi per la messa in servizio e la manutenzione dei sistemi di supervisione e controllo a servizio della galleria.<div id=\"div-gpt-ad-Messinaoggi.it-DSK-300x250-corpoart\" style=\"text-align:center;margin:0 auto;\"><\/div><\/p>\n<div id=\"videoincontent\" style=\"clear:both\";><\/div>","protected":false},"excerpt":{"rendered":"<p>Dalle 9 alle 18 di venerd\u00ec 5, sar\u00e0 vietato il transito, in entrambi i sensi di marcia, nella galleria San Jachiddu di collegamento tra il viale Giostra ed il viale Annunziata, provvedendo ad interdire le bretelle di collegamento con collocazione di idonea transennatura e di segnaletica di preavviso di chiusura della galleria lungo i viali [&hellip;]<\/p>\n","protected":false},"author":4,"featured_media":25672,"comment_status":"closed","ping_status":"closed","sticky":false,"template":"","format":"standard","meta":{"ub_ctt_via":"","_mi_skip_tracking":false},"categories":[5],"tags":[],"featured_image_src":"https:\/\/www.messinaoggi.it\/website\/wp-content\/uploads\/2018\/10\/guardrail-via-S.-Jachiddu.jpg","author_info":{"display_name":"redme","author_link":"https:\/\/www.messinaoggi.it\/website\/author\/redme\/"},"digistream_id":0,"digistream":false,"_links":{"self":[{"href":"https:\/\/www.messinaoggi.it\/website\/wp-json\/wp\/v2\/posts\/52549"}],"collection":[{"href":"https:\/\/www.messinaoggi.it\/website\/wp-json\/wp\/v2\/posts"}],"about":[{"href":"https:\/\/www.messinaoggi.it\/website\/wp-json\/wp\/v2\/types\/post"}],"author":[{"embeddable":true,"href":"https:\/\/www.messinaoggi.it\/website\/wp-json\/wp\/v2\/users\/4"}],"replies":[{"embeddable":true,"href":"https:\/\/www.messinaoggi.it\/website\/wp-json\/wp\/v2\/comments?post=52549"}],"version-history":[{"count":0,"href":"https:\/\/www.messinaoggi.it\/website\/wp-json\/wp\/v2\/posts\/52549\/revisions"}],"wp:featuredmedia":[{"embeddable":true,"href":"https:\/\/www.messinaoggi.it\/website\/wp-json\/wp\/v2\/media\/25672"}],"wp:attachment":[{"href":"https:\/\/www.messinaoggi.it\/website\/wp-json\/wp\/v2\/media?parent=52549"}],"wp:term":[{"taxonomy":"category","embeddable":true,"href":"https:\/\/www.messinaoggi.it\/website\/wp-json\/wp\/v2\/categories?post=52549"},{"taxonomy":"post_tag","embeddable":true,"href":"https:\/\/www.messinaoggi.it\/website\/wp-json\/wp\/v2\/tags?post=52549"}],"curies":[{"name":"wp","href":"https:\/\/api.w.org\/{rel}","templated":true}]}}