{"id":52547,"date":"2021-02-03T14:46:14","date_gmt":"2021-02-03T13:46:14","guid":{"rendered":"https:\/\/www.messinaoggi.it\/website\/?p=52547"},"modified":"2021-02-03T14:46:14","modified_gmt":"2021-02-03T13:46:14","slug":"mondello-franza-fiducia-nella-magistratura-percorso-di-legalita-ci-vede-da-tempo-protagonisti","status":"publish","type":"post","link":"https:\/\/www.messinaoggi.it\/website\/2021\/02\/03\/mondello-franza-fiducia-nella-magistratura-percorso-di-legalita-ci-vede-da-tempo-protagonisti\/","title":{"rendered":"Mondello Franza: &quot;Fiducia nella magistratura, percorso di legalit\u00e0 ci vede da tempo protagonisti&quot;"},"content":{"rendered":"<p>&#8220;Riteniamo di dover rassicurare clienti, dipendenti, fornitori e tutti gli altri stakeholders riguardo al provvedimento emesso oggi dal Tribunale di Reggio Calabria, che ha disposto l\u2019amministrazione giudiziaria per la Caronte &amp;Tourist spa&#8221;: con queste parole il Cavaliere del lavoro Olga Mondello Franza, presidente del Gruppo C&amp;T, commenta il provvedimento di sequestro ordinato dalla Procura di Reggio Calabria.<br \/>\n&#8220;Si tratta &#8211; come si legge nel provvedimento stesso &#8211; di uno strumento innovativo previsto dalla legge che prevede un &#8216;controllo giudiziario&#8217; sull\u2019attivit\u00e0 dell\u2019impresa, che continua senza alcuna limitazione oggettiva o soggettiva, e senza alcuna modifica dei vertici. Essa ha come necessario presupposto che l\u2019azienda non sia assolutamente riconducibile a soggetti socialmente pericolosi e che vada anzi affiancata e coadiuvata proprio per evitare il rischio di infiltrazione.<br \/>\nNella fattispecie &#8211; chiarisce il presidente del Gruppo C&amp;T &#8211; il provvedimento prende le mosse da situazioni che risalgono a periodi remoti e che comunque non hanno mai avuto alcun riferimento alla normale operativit\u00e0 aziendale.<br \/>\nIl Gruppo Caronte &amp;Tourist, d\u2019altra parte, si \u00e8 da tempo dotato di strumenti procedurali e ha assunto forme di governance indirizzate alla radicale eliminazione di qualunque elemento di opacit\u00e0 nello svolgimento del proprio business.<br \/>\nNel confermare la nostra fiducia non formale nell\u2019operato della magistratura &#8211; conclude Olga Mondello Franza &#8211; siamo certi che in tempi ancor pi\u00f9 brevi di quelli usualmente previsti per situazioni siffatte riusciremo a dimostrare la assoluta liceit\u00e0 delle nostre attivit\u00e0 e l\u2019importante percorso di legalit\u00e0 che ci vede da tempo protagonisti&#8221;.<div id=\"div-gpt-ad-Messinaoggi.it-DSK-300x250-corpoart\" style=\"text-align:center;margin:0 auto;\"><\/div><\/p>\n<div id=\"videoincontent\" style=\"clear:both\";><\/div>","protected":false},"excerpt":{"rendered":"<p>&#8220;Riteniamo di dover rassicurare clienti, dipendenti, fornitori e tutti gli altri stakeholders riguardo al provvedimento emesso oggi dal Tribunale di Reggio Calabria, che ha disposto l\u2019amministrazione giudiziaria per la Caronte &amp;Tourist spa&#8221;: con queste parole il Cavaliere del lavoro Olga Mondello Franza, presidente del Gruppo C&amp;T, commenta il provvedimento di sequestro ordinato dalla Procura di [&hellip;]<\/p>\n","protected":false},"author":4,"featured_media":43343,"comment_status":"closed","ping_status":"closed","sticky":false,"template":"","format":"standard","meta":{"ub_ctt_via":"","_mi_skip_tracking":false},"categories":[19],"tags":[],"featured_image_src":"https:\/\/www.messinaoggi.it\/website\/wp-content\/uploads\/2020\/05\/Mondello-Franza-Olga.jpg","author_info":{"display_name":"redme","author_link":"https:\/\/www.messinaoggi.it\/website\/author\/redme\/"},"digistream_id":0,"digistream":false,"_links":{"self":[{"href":"https:\/\/www.messinaoggi.it\/website\/wp-json\/wp\/v2\/posts\/52547"}],"collection":[{"href":"https:\/\/www.messinaoggi.it\/website\/wp-json\/wp\/v2\/posts"}],"about":[{"href":"https:\/\/www.messinaoggi.it\/website\/wp-json\/wp\/v2\/types\/post"}],"author":[{"embeddable":true,"href":"https:\/\/www.messinaoggi.it\/website\/wp-json\/wp\/v2\/users\/4"}],"replies":[{"embeddable":true,"href":"https:\/\/www.messinaoggi.it\/website\/wp-json\/wp\/v2\/comments?post=52547"}],"version-history":[{"count":0,"href":"https:\/\/www.messinaoggi.it\/website\/wp-json\/wp\/v2\/posts\/52547\/revisions"}],"wp:featuredmedia":[{"embeddable":true,"href":"https:\/\/www.messinaoggi.it\/website\/wp-json\/wp\/v2\/media\/43343"}],"wp:attachment":[{"href":"https:\/\/www.messinaoggi.it\/website\/wp-json\/wp\/v2\/media?parent=52547"}],"wp:term":[{"taxonomy":"category","embeddable":true,"href":"https:\/\/www.messinaoggi.it\/website\/wp-json\/wp\/v2\/categories?post=52547"},{"taxonomy":"post_tag","embeddable":true,"href":"https:\/\/www.messinaoggi.it\/website\/wp-json\/wp\/v2\/tags?post=52547"}],"curies":[{"name":"wp","href":"https:\/\/api.w.org\/{rel}","templated":true}]}}