{"id":52538,"date":"2021-02-03T09:16:26","date_gmt":"2021-02-03T08:16:26","guid":{"rendered":"https:\/\/www.messinaoggi.it\/website\/?p=52538"},"modified":"2021-02-03T09:16:26","modified_gmt":"2021-02-03T08:16:26","slug":"approvato-il-bilancio-di-previsione-previti-risolveremo-i-problemi-strutturali-di-messina","status":"publish","type":"post","link":"https:\/\/www.messinaoggi.it\/website\/2021\/02\/03\/approvato-il-bilancio-di-previsione-previti-risolveremo-i-problemi-strutturali-di-messina\/","title":{"rendered":"Approvato il bilancio di previsione, Previti: &quot;Risolveremo i problemi strutturali di Messina&quot;"},"content":{"rendered":"<p style=\"text-align: justify\">Ieri il Consiglio comunale ha approvato il bilancio di previsione 2021-2023, il documento contabile che espone il reperimento e l\u2019impiego delle risorse pubbliche, da parte della giunta comunale, per i prossimi anni.<div id=\"div-gpt-ad-Messinaoggi.it-DSK-300x250-corpoart\" style=\"text-align:center;margin:0 auto;\"><\/div><\/p>\n<blockquote class=\"wp-embedded-content\" data-secret=\"wqJ2y3f6L3\"><p><a href=\"https:\/\/www.messinaoggi.it\/website\/2021\/02\/02\/il-consiglio-comunale-approva-il-bilancio-di-previsione-assente-de-luca\/\">Il Consiglio comunale approva il bilancio di previsione, assente De Luca<\/a><div id=\"videoincontent\" style=\"clear:both\";><\/div><\/p><\/blockquote>\n<p><iframe class=\"wp-embedded-content\" sandbox=\"allow-scripts\" security=\"restricted\" style=\"position: absolute; clip: rect(1px, 1px, 1px, 1px);\" title=\"&#8220;Il Consiglio comunale approva il bilancio di previsione, assente De Luca&#8221; &#8212; Messina Oggi\" src=\"https:\/\/www.messinaoggi.it\/website\/2021\/02\/02\/il-consiglio-comunale-approva-il-bilancio-di-previsione-assente-de-luca\/embed\/#?secret=wqJ2y3f6L3\" data-secret=\"wqJ2y3f6L3\" width=\"500\" height=\"282\" frameborder=\"0\" marginwidth=\"0\" marginheight=\"0\" scrolling=\"no\"><\/iframe><br \/>\nSoddisfatta per il risultato raggiunto la giunta comunale. Il vicesindaco Carlotta Previti, che ha partecipato ai lavori d&#8217;Aula, ha parlato infatti di lavoro straordinario del sindaco Cateno De Luca (che ieri non ha assistito ai suddetti lavori): &#8220;Ieri \u00e8 stato approvato un lavoro straordinario di questo sindaco e di questa Amministrazione, cio\u00e8 il bilancio di previsione, dal valore straordinario di 750 mln di euro, che per la prima volta, dopo oltre 10 anni, affronta e risolve alcuni problemi strutturali endemici di questa citt\u00e0: la riduzione dei costi a carico del bilancio per le spese dei servizi sociali (pari ad \u20ac 7 mln) che, come nel progetto Salva Messina, sono state imputate al sistema dei fondi di provenienza regionale, nazionale e comunitaria (PON, 328\/00, PAC ANZIANI E PAC INFANZIA, PO FEAD, PAL POVERTA\u2019); la conferma della dotazione finanziaria di \u20ac 1.907.393,76 relativo al trasferimento regionale per il personale Stabilizzato L.R. 27\/2016, una risorsa recuperata da questa Amministrazione (le stabilizzazioni effettuate prima del 2018 erano state poste in essere a carico del bilancio); il rilancio del servizio di trasporto locale, abbandonato nell\u2019ultimo ventennio a quello che oggi nei fatti \u00e8 stato il fallimento dell\u2019azienda speciale e l\u2019adeguamento alla nuova struttura societaria di ATM Spa in house providing, incrementando il contratto di servizio che \u00e8 passato dai 19 ml nel 2019 incrementati a 21 mln nel 2020, per l\u2019anno 2021 \u20ac 24 mln. e per l\u2019anno 2022 di \u20ac 26 mln; la conferma del meccanismo del Fondo Pluriennale Vincolato (FPV) per il valore complessivo di \u20ac 67.3345.941,62 nel 2021 ed \u20ac 31.624.498,89 per l\u2019anno 2022 (una misura prevista dal D.lgs. 118\/11 ma che al Comune di Messina veniva gestito solo nella fasi di rendicontazioni del Bilancio), che consentir\u00e0 di gestire gli accertamenti e gli impegni di spesa legati alle opere pluriennali nel sistema della \u2018competenza\u2019 evitandone la gestione in conto residui che spesso ha rallentato la gestione delle attivit\u00e0 amministrative&#8221;.<br \/>\n<strong>Amam e Messinaservizi. <\/strong>&#8220;Una grande e vera importante novit\u00e0 \u2013 prosegue il Vicesindaco \u2013 gi\u00e0 sostanzialmente trattata nella variazione di assestamento generale di Bilancio approvata dal Consiglio comunale il 13.11.2020, \u00e8 la previsione economica dei nuovi contratti di servizio per lavori aggiuntivi Amam Spa in house providing e Messinaservizi Bene Comune Spa in house providing.<br \/>\n&#8220;Con riferimento ad Amam, <span id=\"msgText_new_message_draft1612337774819_0719ade8-ef0a-5a6d-6728-aea85f863a58\" dir=\"ltr\">dopo anni siamo nelle condizioni di avviare un serio servizio di pulizia delle caditoie, la gestione manutentiva delle griglie di scolo acque bianche e dei tombini fognari, la manutenzione delle fontane pubbliche, che oltre al decoro cittadino garantir\u00e0 importanti servizi di vivibilit\u00e0 urbana in grado di rendere Messina una citt\u00e0 vivibile. <\/span>Nella complessiva rideterminazione dei servizi aggiuntivi che si intende affidare alla Messinaservizi, si programmeranno con somme definitivamente destinate e vincolate la rinascita manutentiva dei servizi di verde e di disinfestazione che, agganciati all\u2019obiettivo raccolta differenziata al 65%, imprimeranno una svolta definitiva alla complessiva gestione del servizio in citt\u00e0&#8221;.<br \/>\n<strong>Messina Social City e dipendenti comunali.<\/strong> &#8220;Per quanto invece alla Messina Social City sono state previste le risorse nell\u2019anno 2021 per l\u2019importo di \u20ac 1.100.000,00 per dare copertura dell\u2019incremento orario degli operatori ASACOM ed \u00e8 stata affidata la gestione di Villa Dante e i lavori di manutenzione straordinaria per il complessivo importo di \u20ac 1 mln. Abbiamo inoltre incrementato l\u2019orario di lavoro dei dipendenti comunali che, dopo essere stati stabilizzati, sono stati portati tutti a 36 ore settimanali e, al di l\u00e0 del valore contabile, costituisce un importante risultato legato alla conclusione del processo di stabilizzazione che garantisce un apporto di personale gi\u00e0 in forza dell\u2019Ente finalmente ad orario pieno nella gestione lavorativa dello stesso&#8221;.<br \/>\n<strong>Dalla Riduzione della spesa alle nuove entrate<\/strong>. &#8220;La riduzione delle Direzioni ha prodotto un risparmio reale in gestione corrente di 730.041,07 derivante dalla diminuzione delle 14 posizioni dirigenziali effettivamente ricoperte alle 9 posizioni ridotte per effetto del nuovo funzionigramma. Per quanto al costo di smaltimento RSU (Rifiuti Solidi Urbani), si rappresenta che lo stesso \u00e8 diminuito dal 2018 al 2020 di \u20ac 1.990.349,02 in relazione all\u2019incremento della raccolta differenziata che ad oggi si attesta circa al 37 % di risultato raggiunto. Alla riduzione delle spese si sono attivate importanti misure strutturali di nuova entrata: il recupero delle somme sul Fondo della Dirigenza generer\u00e0 risorse di \u20ac 2.000.000,00. Per cui tra riduzione della spesa e nuove entrate il Bilancio dell\u2019Ente ha avuto complessivamente un beneficio in termini di equilibri di 7 mln&#8221;.<br \/>\n<strong>&#8220;Nessuna pressione ai consiglieri&#8221;.<\/strong> &#8220;I consiglieri sono stati sempre liberi di votare o meno il bilancio ma che nessuno osi parlare di pressioni e condizionamenti messi in atto da questa amministrazione! Abbiamo agito nella pi\u00f9 totale trasparenza e lo dimostra la cronistoria dell\u2019iter di approvazione: il documento contabile \u00e8 stato adottato dalla Giunta Municipale con delibera n. 691 del 11.12.2020. Successivamente, su richiesta dell\u2019Amministrazione comunale, il giorno 18.12.2020 si \u00e8 riunita la Conferenza dei Capigruppo per presentare le risultanze contabili del documento finanziario, e nel corso della seduta \u00e8 stato distribuito il vademecum che sintetizza i contenuti. Durante l\u2019incontro con i capigruppo il Sindaco ha invitato tutti i consiglieri a contattare il DG per formulare richieste di chiarimenti o informazioni sul documento contabile. Nessun consigliere comunale e nessun gruppo politico dopo la suddetta riunione ha richiesto ulteriori approfondimenti rispetto alle spiegazioni date durante la conferenza dei capigruppo e sul Vademecum&#8221;.<\/p>\n","protected":false},"excerpt":{"rendered":"<p>Ieri il Consiglio comunale ha approvato il bilancio di previsione 2021-2023, il documento contabile che espone il reperimento e l\u2019impiego delle risorse pubbliche, da parte della giunta comunale, per i prossimi anni. Il Consiglio comunale approva il bilancio di previsione, assente De Luca Soddisfatta per il risultato raggiunto la giunta comunale. Il vicesindaco Carlotta Previti, [&hellip;]<\/p>\n","protected":false},"author":8,"featured_media":21267,"comment_status":"closed","ping_status":"closed","sticky":false,"template":"","format":"standard","meta":{"ub_ctt_via":"","_mi_skip_tracking":false},"categories":[4],"tags":[],"featured_image_src":"https:\/\/www.messinaoggi.it\/website\/wp-content\/uploads\/2018\/06\/carlotta-previti-1.jpg","author_info":{"display_name":"red..me","author_link":"https:\/\/www.messinaoggi.it\/website\/author\/redstage\/"},"digistream_id":0,"digistream":false,"_links":{"self":[{"href":"https:\/\/www.messinaoggi.it\/website\/wp-json\/wp\/v2\/posts\/52538"}],"collection":[{"href":"https:\/\/www.messinaoggi.it\/website\/wp-json\/wp\/v2\/posts"}],"about":[{"href":"https:\/\/www.messinaoggi.it\/website\/wp-json\/wp\/v2\/types\/post"}],"author":[{"embeddable":true,"href":"https:\/\/www.messinaoggi.it\/website\/wp-json\/wp\/v2\/users\/8"}],"replies":[{"embeddable":true,"href":"https:\/\/www.messinaoggi.it\/website\/wp-json\/wp\/v2\/comments?post=52538"}],"version-history":[{"count":0,"href":"https:\/\/www.messinaoggi.it\/website\/wp-json\/wp\/v2\/posts\/52538\/revisions"}],"wp:featuredmedia":[{"embeddable":true,"href":"https:\/\/www.messinaoggi.it\/website\/wp-json\/wp\/v2\/media\/21267"}],"wp:attachment":[{"href":"https:\/\/www.messinaoggi.it\/website\/wp-json\/wp\/v2\/media?parent=52538"}],"wp:term":[{"taxonomy":"category","embeddable":true,"href":"https:\/\/www.messinaoggi.it\/website\/wp-json\/wp\/v2\/categories?post=52538"},{"taxonomy":"post_tag","embeddable":true,"href":"https:\/\/www.messinaoggi.it\/website\/wp-json\/wp\/v2\/tags?post=52538"}],"curies":[{"name":"wp","href":"https:\/\/api.w.org\/{rel}","templated":true}]}}