{"id":52468,"date":"2021-02-01T16:34:59","date_gmt":"2021-02-01T15:34:59","guid":{"rendered":"https:\/\/www.messinaoggi.it\/website\/?p=52468"},"modified":"2021-02-01T16:34:59","modified_gmt":"2021-02-01T15:34:59","slug":"karting-angelo-lombardo-fa-en-plein-alla-prima-del-campionato-regionale-aci-sport","status":"publish","type":"post","link":"https:\/\/www.messinaoggi.it\/website\/2021\/02\/01\/karting-angelo-lombardo-fa-en-plein-alla-prima-del-campionato-regionale-aci-sport\/","title":{"rendered":"KARTING &#8211; Angelo Lombardo fa en plein alla prima del Campionato regionale Aci Sport"},"content":{"rendered":"<h6 style=\"text-align: left\"><strong><em>A Melilli, nel primo round del campionato regionale, l\u2019esperto pilota messinese, dopo il successo in Prefinale, si \u00e8 imposto nella finale della 125 Kz 2 davanti ai siracusani Paparo e Branciforti. In evidenza Michele Cardillo subito vincente al debutto in 125 kzn Juinior\u00a0<\/em><\/strong><\/h6>\n<p> <div id=\"div-gpt-ad-Messinaoggi.it-DSK-300x250-corpoart\" style=\"text-align:center;margin:0 auto;\"><\/div><\/p>\n<p style=\"text-align: justify\">Si \u00e8 inaugurata, con 100 piloti al via, la stagione 2021 del karting in Sicilia sul circuito di Villasmundo in provincia di Siracusa. Protagonista assoluto di questo primo round di campionato \u00e8 stato Angelo Lombardo, l\u2019affermato pilota messinese originario di Barcellona Pozzo di Gotto, che ha chiuso la precedente stagione al terzo posto della classifica Tricolore.<div id=\"videoincontent\" style=\"clear:both\";><\/div><\/p>\n<p style=\"text-align: justify\">Lombardo ha trionfato in finale chiudendo i quindici giri della Pista del Sole, col tempo di 10\u201959\u201d009 e il best lap in 43\u201d491. Alle sue spalle dopo un contatto di gara che ha escluso i due pi\u00f9 immediati inseguitori Lorenzo Scat\u00e0 del Team Fk Sicily e Salvatore Gentile del Team Taccetta, si \u00e8 inserito Michael Paparo, autore di una prestazione proficua che gli ha consentito di raggiungere il secondo gradino del podio.<\/p>\n<p style=\"text-align: justify\">Il giovane siracusano che quest\u2019anno sar\u00e0 impegnato in categoria OK nel campionato europeo e mondiale \u00e8 giunto sul traguardo con un ritardo di circa sei secondi davanti ad un altro siracusano, Alessandro Branciforti, del team Ss. Racing. In precedenza Lombardo, gi\u00e0 Polman in mattinata, si era aggiudicato anche la pre finale davanti al padrone di casa Lorenzo Scat\u00e0.\u00a0Gli altri vincitori di classe sono stati: Cardillo in 125 Kzn Junior, Nicolosi in 125 Senior, Cannizzo nella 125 mista Rox\/ Iame, Puglisi nella 60 Minikart e Sardo nella 60 mini Gr. 3 Internazionale.<\/p>\n<div id=\"attachment_52470\" style=\"width: 401px\" class=\"wp-caption alignright\"><img aria-describedby=\"caption-attachment-52470\" loading=\"lazy\" class=\" wp-image-52470\" src=\"https:\/\/www.messinaoggi.it\/website\/wp-content\/uploads\/2021\/02\/Lombardo-300x205.jpeg\" alt=\"\" width=\"391\" height=\"267\" \/><p id=\"caption-attachment-52470\" class=\"wp-caption-text\"><em><strong>Angelo Lombardo<\/strong><\/em><\/p><\/div>\n<p style=\"text-align: justify\">Arrivati anche i migliori auspici da parte di Daniele Settimo Delegato\/Fiduciario ACI Sport Sicilia: \u201c<em>Un ottimo inizio di stagione sia in termini di partecipanti, sia in termini tecnici. Molto appassionanti tutte le categorie. La collaborazione con Karting Sicilia si conferma proficua e ci sono i presupposti per una stagione decisamente interessante per una specialit\u00e0 divenuta vanto per la nostra regione. La speranza di tutti \u00e8 il ritorno al pi\u00f9 presto alla normalit\u00e0\u201d<\/em>.<\/p>\n<p style=\"text-align: justify\">Un forte vento ed un timido sole, che col passare delle ore \u00e8 stato sempre pi\u00f9 intenso, hanno caratterizzato questa giornata sul Circuito di Villasmundo, la cui pista si \u00e8 rivelata in ottime condizioni e che, appena gommata, \u00e8 diventata velocissima. Dopo le qualifiche disputate in mattinata, c\u2019\u00e8 stata subito grande intensit\u00e0 per le Pre finali che quest\u2019anno per la prima volta assegnano punti pesanti ai fini delle classifiche dei campionati Aci Sport.<\/p>\n<p style=\"text-align: justify\">I primi a tornare in pista per le finali sono stati i piloti della 125 kzn Junior, con Boris Cutaia vincitore su questo tracciato lo scorso ottobre e il debuttante nella categoria col cambio, Michele Cardillo, in prima fila. Al via Cardillo, da poco approdato al team Taccetta ha preso il comando delle operazioni ed \u00e8 riuscito a mantenere la prima posizione fino all\u2019arrivo.<\/p>\n<p style=\"text-align: justify\">Un vero \u00e8 proprio exploit quello del giovane catanese di Piedimonte Etneo, che ha chiuso i 15 giri del circuito in 11\u201914\u201d814 davanti al palermitano di Termini Imerese Federico Aglieri Rinella , del Team David, autore del giro pi\u00f9 veloce in 44\u201d319 e al nisseno di San Cataldo, Boris Cutaia.<\/p>\n<p style=\"text-align: justify\">Doppio successo in 125 kzn Senior per il siracusano Giuseppe Nicolosi. Il pilota del team Taccetta in finale ha preceduto col tempo di 11\u201911\u201d444 il palermitano del team PRK Alessio Ferlisi autore del giro pi\u00f9 veloce in 44\u201d361. Numerosi le new entry e i passaggi di categoria, fra i piloti della 60 Minikart e della 60 Mini Gr.3 Internazionale.<\/p>\n<p style=\"text-align: justify\">Nella 60 Minikart successo in finale per Matteo Puglisi, ennese del Bivona Racing, che ha preceduto sul traguardo dei 10 giri, compiuti in 8\u201926\u201d970, Lorenzo Maio e Andrea Casella. Andrea Angelo Castro ha fatto segnare il giro pi\u00f9 veloce in 49\u201d787.<\/p>\n<div id=\"attachment_52471\" style=\"width: 447px\" class=\"wp-caption alignleft\"><img aria-describedby=\"caption-attachment-52471\" loading=\"lazy\" class=\" wp-image-52471\" src=\"https:\/\/www.messinaoggi.it\/website\/wp-content\/uploads\/2021\/02\/M-Paparo-300x201.jpeg\" alt=\"\" width=\"437\" height=\"293\" \/><p id=\"caption-attachment-52471\" class=\"wp-caption-text\"><strong>Michael Paparo<\/strong><\/p><\/div>\n<p style=\"text-align: justify\">Il catanese di Tre Castagni Salvatore Sardo si \u00e8 imposto nella 60 Mini Internazionale col tempo di 8\u201923\u201d556., seguito dal ragusano Daniele Schillace e da Ludovico Busso, giovanissimo driver di Giarratana. La categoria mista 125 Rok\/Iame \u00e8 stata vinta dal catanese Massimo Cannizzo.<\/p>\n<p style=\"text-align: justify\">A contorno delle gare valide per il campionato regionale Aci Sport si sono disputati i trofei Interprovinciali e il monomarca Rotax.<\/p>\n","protected":false},"excerpt":{"rendered":"<p>A Melilli, nel primo round del campionato regionale, l\u2019esperto pilota messinese, dopo il successo in Prefinale, si \u00e8 imposto nella finale della 125 Kz 2 davanti ai siracusani Paparo e Branciforti. In evidenza Michele Cardillo subito vincente al debutto in 125 kzn Juinior\u00a0 Si \u00e8 inaugurata, con 100 piloti al via, la stagione 2021 del [&hellip;]<\/p>\n","protected":false},"author":17,"featured_media":52469,"comment_status":"closed","ping_status":"closed","sticky":false,"template":"","format":"standard","meta":{"ub_ctt_via":"","_mi_skip_tracking":false},"categories":[8,9],"tags":[162,515],"featured_image_src":null,"author_info":{"display_name":"Giuseppe Luppino","author_link":"https:\/\/www.messinaoggi.it\/website\/author\/g-luppino\/"},"digistream_id":0,"digistream":false,"_links":{"self":[{"href":"https:\/\/www.messinaoggi.it\/website\/wp-json\/wp\/v2\/posts\/52468"}],"collection":[{"href":"https:\/\/www.messinaoggi.it\/website\/wp-json\/wp\/v2\/posts"}],"about":[{"href":"https:\/\/www.messinaoggi.it\/website\/wp-json\/wp\/v2\/types\/post"}],"author":[{"embeddable":true,"href":"https:\/\/www.messinaoggi.it\/website\/wp-json\/wp\/v2\/users\/17"}],"replies":[{"embeddable":true,"href":"https:\/\/www.messinaoggi.it\/website\/wp-json\/wp\/v2\/comments?post=52468"}],"version-history":[{"count":0,"href":"https:\/\/www.messinaoggi.it\/website\/wp-json\/wp\/v2\/posts\/52468\/revisions"}],"wp:featuredmedia":[{"embeddable":true,"href":"https:\/\/www.messinaoggi.it\/website\/wp-json\/wp\/v2\/media\/52469"}],"wp:attachment":[{"href":"https:\/\/www.messinaoggi.it\/website\/wp-json\/wp\/v2\/media?parent=52468"}],"wp:term":[{"taxonomy":"category","embeddable":true,"href":"https:\/\/www.messinaoggi.it\/website\/wp-json\/wp\/v2\/categories?post=52468"},{"taxonomy":"post_tag","embeddable":true,"href":"https:\/\/www.messinaoggi.it\/website\/wp-json\/wp\/v2\/tags?post=52468"}],"curies":[{"name":"wp","href":"https:\/\/api.w.org\/{rel}","templated":true}]}}