{"id":52447,"date":"2020-11-03T11:40:21","date_gmt":"2020-11-03T10:40:21","guid":{"rendered":"https:\/\/www.messinaoggi.it\/website\/?p=48702"},"modified":"2020-11-03T11:40:21","modified_gmt":"2020-11-03T10:40:21","slug":"misure-economiche-anti-covid-gioveni-il-sindaco-coinvolga-anche-il-consiglio","status":"publish","type":"post","link":"https:\/\/www.messinaoggi.it\/website\/2020\/11\/03\/misure-economiche-anti-covid-gioveni-il-sindaco-coinvolga-anche-il-consiglio\/","title":{"rendered":"Misure economiche anti-Covid, Gioveni: &quot;Il sindaco coinvolga anche il Consiglio&quot;"},"content":{"rendered":"<p>\u201cLe misure economiche che si stanno pensando per le famiglie e le categorie commerciali penalizzate da queste ultime restrizioni legate al Covid, dovranno essere valutate anche in funzione dell\u2019esperienza precedente che in molti casi non ha soddisfatto del tutto le aspettative\u201d. A chiedere pi\u00f9 attenzione nella gestione degli aiuti economici per i cittadini ed esercenti pi\u00f9 in difficolt\u00e0 \u00e8 il consigliere comunale Libero Gioveni, capogruppo di Fratelli d\u2019Italia, che auspica anche una condivisione dei provvedimenti da parte dell\u2019Amministrazione col Consiglio Comunale.<br \/>\n&#8220;Non \u00e8 pensabile invocare l\u2019intervento del Civico Consesso solo con le ratifiche delle delibere di Giunta che spostano le risorse da un capitolo all\u2019altro e non chiamarlo in causa nelle scelte rivolte alla cittadinanza \u2013 stigmatizza Gioveni &#8211; Ritengo che alcune sfumature o accorgimenti nella scelta dei requisiti per la family card vadano rivisti; per esempio non ritengo giusto che vengano considerate come reddito le circa 290 euro di invalidit\u00e0 civile che spesso hanno impedito a molte famiglie di ricevere questo importante sostentamento economico, cos\u00ec come di contro credo sia giusto approfondire i motivi delle numerosissime rinunce che in atto ci sono da parte di chi in queste settimane \u00e8 stato chiamato a lavorare nei cantieri di servizio!<br \/>\n&#8220;Inoltre \u2013 evidenzia l\u2019esponente di FdI \u2013 occorre ancora procedere al rimborso delle utenze relative ai mesi di maggio e giugno che nonostante siano state annunciate all\u2019epoca, sono rimaste lettera morta, per non parlare del rimborso degli affitti ancora in alto mare; cos\u00ec come credo che le procedure amministrative che vanno dalla presentazione delle istanze alla loro effettiva liquidazione dovranno essere gestite meglio e in maniera pi\u00f9 celere. Infine mi preme riproporre anche un possibile implemento delle risorse per destinarle anche ad una sorta di &#8216;shopping card&#8217;, che permetterebbe e vincolerebbe gli aventi diritto a spendere una parte di questi sussidi in quei negozi o attivit\u00e0 commerciali che in questi mesi hanno avuto un nettissimo calo del loro fatturato, al fine di far ricircolare la moneta un po\u2019 in tutti gli altri settori del commercio e non soltanto in quelli alimentari&#8221;.<div id=\"div-gpt-ad-Messinaoggi.it-DSK-300x250-corpoart\" style=\"text-align:center;margin:0 auto;\"><\/div><\/p>\n<div id=\"videoincontent\" style=\"clear:both\";><\/div>","protected":false},"excerpt":{"rendered":"<p>\u201cLe misure economiche che si stanno pensando per le famiglie e le categorie commerciali penalizzate da queste ultime restrizioni legate al Covid, dovranno essere valutate anche in funzione dell\u2019esperienza precedente che in molti casi non ha soddisfatto del tutto le aspettative\u201d. A chiedere pi\u00f9 attenzione nella gestione degli aiuti economici per i cittadini ed esercenti [&hellip;]<\/p>\n","protected":false},"author":8,"featured_media":43341,"comment_status":"closed","ping_status":"closed","sticky":false,"template":"","format":"standard","meta":{"ub_ctt_via":"","_mi_skip_tracking":false},"categories":[4],"tags":[],"featured_image_src":"https:\/\/www.messinaoggi.it\/website\/wp-content\/uploads\/2020\/05\/libero-gioveni-in-aula-messinaoggi.jpg","author_info":{"display_name":"red..me","author_link":"https:\/\/www.messinaoggi.it\/website\/author\/redstage\/"},"digistream_id":0,"digistream":false,"_links":{"self":[{"href":"https:\/\/www.messinaoggi.it\/website\/wp-json\/wp\/v2\/posts\/52447"}],"collection":[{"href":"https:\/\/www.messinaoggi.it\/website\/wp-json\/wp\/v2\/posts"}],"about":[{"href":"https:\/\/www.messinaoggi.it\/website\/wp-json\/wp\/v2\/types\/post"}],"author":[{"embeddable":true,"href":"https:\/\/www.messinaoggi.it\/website\/wp-json\/wp\/v2\/users\/8"}],"replies":[{"embeddable":true,"href":"https:\/\/www.messinaoggi.it\/website\/wp-json\/wp\/v2\/comments?post=52447"}],"version-history":[{"count":0,"href":"https:\/\/www.messinaoggi.it\/website\/wp-json\/wp\/v2\/posts\/52447\/revisions"}],"wp:featuredmedia":[{"embeddable":true,"href":"https:\/\/www.messinaoggi.it\/website\/wp-json\/wp\/v2\/media\/43341"}],"wp:attachment":[{"href":"https:\/\/www.messinaoggi.it\/website\/wp-json\/wp\/v2\/media?parent=52447"}],"wp:term":[{"taxonomy":"category","embeddable":true,"href":"https:\/\/www.messinaoggi.it\/website\/wp-json\/wp\/v2\/categories?post=52447"},{"taxonomy":"post_tag","embeddable":true,"href":"https:\/\/www.messinaoggi.it\/website\/wp-json\/wp\/v2\/tags?post=52447"}],"curies":[{"name":"wp","href":"https:\/\/api.w.org\/{rel}","templated":true}]}}