{"id":52419,"date":"2021-01-31T08:03:21","date_gmt":"2021-01-31T07:03:21","guid":{"rendered":"https:\/\/www.messinaoggi.it\/website\/?p=52419"},"modified":"2021-01-31T08:03:21","modified_gmt":"2021-01-31T07:03:21","slug":"musumeci-ora-puntiamo-alla-zona-bianca-ma-dipende-da-tutti-noi","status":"publish","type":"post","link":"https:\/\/www.messinaoggi.it\/website\/2021\/01\/31\/musumeci-ora-puntiamo-alla-zona-bianca-ma-dipende-da-tutti-noi\/","title":{"rendered":"Musumeci: &quot;Ora puntiamo alla zona bianca, ma dipende da tutti noi&quot;"},"content":{"rendered":"<p>&#8220;Avevamo ragione, le due settimane di zona rossa ci consentono di passare finalmente a quella arancione\u201d. Il presidente della Regione, Nello Musumeci, fa il punto sul passaggio di fascia della Sicilia con una punta d\u2019orgoglio: \u201cSi \u00e8 dimezzato il numero dei contagi e si \u00e8 ridotto quello dei morti, \u00e8 stato opportuno e sensato anticipare il provvedimento per evitare degenerazioni. Lo so \u2013 continua il governatore &#8211; la zona arancione non \u00e8 il massimo, infatti noi puntiamo alla gialla e, perch\u00e9 no, a quella bianca. Ma serve la responsabilit\u00e0 di tutti.<br \/>\nDa Roma speriamo che arrivino presto i sostegni economici per i comparti in difficolt\u00e0, certo la crisi di governo non aiuta.<br \/>\nSperiamo che nel mese di aprile si possa arrivare ad una riapertura che metta gli operatori economici di tornare a lavorare e quindi di tornare a guadagnare e di uscire da questo tunnel dove il buio sembra avere spento ogni speranza. La speranza rimane in vita: lo abbiamo visto e lo vedremo di pi\u00f9 nelle prossime settimane. Ma la speranza va alimentata non soltanto dalla forza di ciascuno di noi, ma anche dai comportamenti di ciascuno di noi. E sono sicuro che presto vinceremo questa battaglia&#8221;.<div id=\"div-gpt-ad-Messinaoggi.it-DSK-300x250-corpoart\" style=\"text-align:center;margin:0 auto;\"><\/div><\/p>\n<div id=\"videoincontent\" style=\"clear:both\";><\/div>","protected":false},"excerpt":{"rendered":"<p>&#8220;Avevamo ragione, le due settimane di zona rossa ci consentono di passare finalmente a quella arancione\u201d. Il presidente della Regione, Nello Musumeci, fa il punto sul passaggio di fascia della Sicilia con una punta d\u2019orgoglio: \u201cSi \u00e8 dimezzato il numero dei contagi e si \u00e8 ridotto quello dei morti, \u00e8 stato opportuno e sensato anticipare [&hellip;]<\/p>\n","protected":false},"author":4,"featured_media":49766,"comment_status":"closed","ping_status":"closed","sticky":false,"template":"","format":"standard","meta":{"ub_ctt_via":"","_mi_skip_tracking":false},"categories":[221],"tags":[],"featured_image_src":"https:\/\/www.messinaoggi.it\/website\/wp-content\/uploads\/2020\/12\/galluzzo-musumeci-sindaco-floresta-Cappadona.jpg","author_info":{"display_name":"redme","author_link":"https:\/\/www.messinaoggi.it\/website\/author\/redme\/"},"digistream_id":0,"digistream":false,"_links":{"self":[{"href":"https:\/\/www.messinaoggi.it\/website\/wp-json\/wp\/v2\/posts\/52419"}],"collection":[{"href":"https:\/\/www.messinaoggi.it\/website\/wp-json\/wp\/v2\/posts"}],"about":[{"href":"https:\/\/www.messinaoggi.it\/website\/wp-json\/wp\/v2\/types\/post"}],"author":[{"embeddable":true,"href":"https:\/\/www.messinaoggi.it\/website\/wp-json\/wp\/v2\/users\/4"}],"replies":[{"embeddable":true,"href":"https:\/\/www.messinaoggi.it\/website\/wp-json\/wp\/v2\/comments?post=52419"}],"version-history":[{"count":0,"href":"https:\/\/www.messinaoggi.it\/website\/wp-json\/wp\/v2\/posts\/52419\/revisions"}],"wp:featuredmedia":[{"embeddable":true,"href":"https:\/\/www.messinaoggi.it\/website\/wp-json\/wp\/v2\/media\/49766"}],"wp:attachment":[{"href":"https:\/\/www.messinaoggi.it\/website\/wp-json\/wp\/v2\/media?parent=52419"}],"wp:term":[{"taxonomy":"category","embeddable":true,"href":"https:\/\/www.messinaoggi.it\/website\/wp-json\/wp\/v2\/categories?post=52419"},{"taxonomy":"post_tag","embeddable":true,"href":"https:\/\/www.messinaoggi.it\/website\/wp-json\/wp\/v2\/tags?post=52419"}],"curies":[{"name":"wp","href":"https:\/\/api.w.org\/{rel}","templated":true}]}}