{"id":52411,"date":"2021-01-31T09:34:06","date_gmt":"2021-01-31T08:34:06","guid":{"rendered":"https:\/\/www.messinaoggi.it\/website\/?p=52411"},"modified":"2021-01-31T09:34:06","modified_gmt":"2021-01-31T08:34:06","slug":"zingaretti-piano-di-fine-legislatura-prevalga-il-bene-del-paese","status":"publish","type":"post","link":"https:\/\/www.messinaoggi.it\/website\/2021\/01\/31\/zingaretti-piano-di-fine-legislatura-prevalga-il-bene-del-paese\/","title":{"rendered":"Zingaretti \u201cPiano di fine legislatura, prevalga il bene del Paese\u201d"},"content":{"rendered":"<div>ROMA (ITALPRESS) &#8211; &#8220;Abbiamo ribadito la disponibilit\u00e0 del Pd a contribuire all&#8217;elaborazione di un programma di fine legislatura, coinvolgendo la maggioranza che ha sostenuto Conte e quelle forze che hanno dato il voto di fiducia, avviando un lavoro collegiale&#8221;. Lo ha detto il segretario del Pd, Nicola Zingaretti, al termine delle consultazioni con il Presidente della Camera, Roberto Fico. &#8220;Abbiamo sempre fatto prevalere il bene comune e crediamo che questa volont\u00e0 coincide con la necessit\u00e0 di dare un governo e un programma di fine legislatura&#8221;.<br \/>\nIl patto di legislatura &#8220;\u00e8 l&#8217;occasione non per tornare all&#8217;Italia che c&#8217;era prima della pandemia, ma per ricostruire e rilanciare il Paese dando agli italiani fiducia e speranza. Noi crediamo che sia possibile, faremo di tutto per essere leali e coerenti con questo obiettivo e ci permettiamo di fare un appello affinch\u00e8 tutti lo siano perch\u00e8 a questo punto non si pu\u00f2 sbagliare&#8221;.<br \/>\n(ITALPRESS).<\/div>\n<div id=\"div-gpt-ad-Messinaoggi.it-DSK-300x250-corpoart\" style=\"text-align:center;margin:0 auto;\"><\/div><\/p><div id=\"videoincontent\" style=\"clear:both\";><\/div>","protected":false},"excerpt":{"rendered":"<p>ROMA (ITALPRESS) &#8211; &#8220;Abbiamo ribadito la disponibilit\u00e0 del Pd a contribuire all&#8217;elaborazione di un programma di fine legislatura, coinvolgendo la maggioranza che ha sostenuto Conte e quelle forze che hanno dato il voto di fiducia, avviando un lavoro collegiale&#8221;. Lo ha detto il segretario del Pd, Nicola Zingaretti, al termine delle consultazioni con il Presidente [&hellip;]<\/p>\n","protected":false},"author":2,"featured_media":52412,"comment_status":"closed","ping_status":"closed","sticky":false,"template":"","format":"standard","meta":{"ub_ctt_via":"","_mi_skip_tracking":false},"categories":[446,4],"tags":[],"featured_image_src":"https:\/\/www.messinaoggi.it\/website\/wp-content\/uploads\/2021\/01\/20210130_2580.jpg","author_info":{"display_name":"Redazione","author_link":"https:\/\/www.messinaoggi.it\/website\/author\/redazione\/"},"digistream_id":0,"digistream":false,"_links":{"self":[{"href":"https:\/\/www.messinaoggi.it\/website\/wp-json\/wp\/v2\/posts\/52411"}],"collection":[{"href":"https:\/\/www.messinaoggi.it\/website\/wp-json\/wp\/v2\/posts"}],"about":[{"href":"https:\/\/www.messinaoggi.it\/website\/wp-json\/wp\/v2\/types\/post"}],"author":[{"embeddable":true,"href":"https:\/\/www.messinaoggi.it\/website\/wp-json\/wp\/v2\/users\/2"}],"replies":[{"embeddable":true,"href":"https:\/\/www.messinaoggi.it\/website\/wp-json\/wp\/v2\/comments?post=52411"}],"version-history":[{"count":0,"href":"https:\/\/www.messinaoggi.it\/website\/wp-json\/wp\/v2\/posts\/52411\/revisions"}],"wp:featuredmedia":[{"embeddable":true,"href":"https:\/\/www.messinaoggi.it\/website\/wp-json\/wp\/v2\/media\/52412"}],"wp:attachment":[{"href":"https:\/\/www.messinaoggi.it\/website\/wp-json\/wp\/v2\/media?parent=52411"}],"wp:term":[{"taxonomy":"category","embeddable":true,"href":"https:\/\/www.messinaoggi.it\/website\/wp-json\/wp\/v2\/categories?post=52411"},{"taxonomy":"post_tag","embeddable":true,"href":"https:\/\/www.messinaoggi.it\/website\/wp-json\/wp\/v2\/tags?post=52411"}],"curies":[{"name":"wp","href":"https:\/\/api.w.org\/{rel}","templated":true}]}}