{"id":52396,"date":"2021-01-30T20:30:51","date_gmt":"2021-01-30T19:30:51","guid":{"rendered":"https:\/\/www.messinaoggi.it\/website\/?p=52396"},"modified":"2021-01-30T20:30:51","modified_gmt":"2021-01-30T19:30:51","slug":"bartolotta-nessun-attacco-a-pergolizzi-pd-alternativa-allattuale-governo-della-citta","status":"publish","type":"post","link":"https:\/\/www.messinaoggi.it\/website\/2021\/01\/30\/bartolotta-nessun-attacco-a-pergolizzi-pd-alternativa-allattuale-governo-della-citta\/","title":{"rendered":"Bartolotta: &quot;Nessun attacco a Pergolizzi, Pd alternativa all&#039;attuale governo della citt\u00e0&quot;"},"content":{"rendered":"<p>&#8220;Nessun attacco a Pergolizzi, il Pd si pone come alternativa all&#8217;attuale governo della citt\u00e0&#8221;: lo dice a chiare lettere il segretario provinciale del Partito democratico, Nino Barttolotta. &#8220;<span style=\"color: #000000;\"><span style=\"font-size: medium;\">Manifestare coerenza alla linea politica emersa in modo unanime nel congresso provinciale Pd del luglio dello scorso anno\u00a0 e, quindi, dichiararsi distanti dalla &#8216;mozione Pergolizzi&#8217; \u2013 peraltro mai partecipata ed appresa solo dagli organi di stampa \u2013 \u00e8 ben lontano dal potersi definire un &#8216;<\/span><\/span><span style=\"color: #000000;\"><span style=\"font-size: medium;\">attacco&#8217;<\/span><\/span><span style=\"color: #000000;\"><span style=\"font-size: medium;\"> nei confronti del consigliere interessato e ancor di pi\u00f9 espressione della <\/span><\/span><span style=\"color: #000000;\"><span style=\"font-size: medium;\">volont\u00e0 di zittire una voce libera. <\/span><\/span><span style=\"color: #000000;\"><span style=\"font-size: medium;\">\u00a0Piuttosto \u00e8 il messaggio che il nuovo corso del Pd vuole dare alla propria azione politica nel segno dell\u2019ampia partecipazione, del necessario confronto sugli obiettivi programmatici e del rispetto per la sintesi politica risultato della condivisione e\/o maggioranza degli aderenti al partito.<\/span><\/span><br \/>\n<span style=\"color: #000000;\"><span style=\"font-size: medium;\">Troppo facile e riduttivo auto dichiararsi di &#8216;<\/span><\/span><span style=\"color: #000000;\"><span style=\"font-size: medium;\">non<\/span><\/span><span style=\"color: #000000;\"><span style=\"font-size: medium;\">\u00a0<\/span><\/span><span style=\"color: #000000;\"><span style=\"font-size: medium;\">essere gradito&#8217;, <\/span><\/span><span style=\"color: #000000;\"><span style=\"font-size: medium;\">considerando che, peraltro, il consigliere Pergolizzi (in quanto tesserato Pd) pur essendo stato invitato personalmente a partecipare alla riunione programmatica sulle scelte politiche per la citt\u00e0, tenutasi nei giorni scorsi con tutti i consiglieri comunali del gruppo Pd e Liberame, non vi ha preso parte, palesando evidentemente una diversa scelta, possibilmente gi\u00e0 maturata da tempo e solo adesso ufficializzata, per la quale si pu\u00f2 anche avere rispetto, ma che non si pu\u00f2 pretendere essere condivisa dal Partito democratico che si pone come alternativa all&#8217;attuale governo della citt\u00e0&#8221;.<\/span><\/span><div id=\"div-gpt-ad-Messinaoggi.it-DSK-300x250-corpoart\" style=\"text-align:center;margin:0 auto;\"><\/div><\/p>\n<div id=\"videoincontent\" style=\"clear:both\";><\/div>","protected":false},"excerpt":{"rendered":"<p>&#8220;Nessun attacco a Pergolizzi, il Pd si pone come alternativa all&#8217;attuale governo della citt\u00e0&#8221;: lo dice a chiare lettere il segretario provinciale del Partito democratico, Nino Barttolotta. &#8220;Manifestare coerenza alla linea politica emersa in modo unanime nel congresso provinciale Pd del luglio dello scorso anno\u00a0 e, quindi, dichiararsi distanti dalla &#8216;mozione Pergolizzi&#8217; \u2013 peraltro mai [&hellip;]<\/p>\n","protected":false},"author":4,"featured_media":14661,"comment_status":"closed","ping_status":"closed","sticky":false,"template":"","format":"standard","meta":{"ub_ctt_via":"","_mi_skip_tracking":false},"categories":[4],"tags":[],"featured_image_src":"https:\/\/www.messinaoggi.it\/website\/wp-content\/uploads\/2018\/01\/consiglio-comunale-su-isola-vi-RRP_1283-1.jpg","author_info":{"display_name":"redme","author_link":"https:\/\/www.messinaoggi.it\/website\/author\/redme\/"},"digistream_id":0,"digistream":false,"_links":{"self":[{"href":"https:\/\/www.messinaoggi.it\/website\/wp-json\/wp\/v2\/posts\/52396"}],"collection":[{"href":"https:\/\/www.messinaoggi.it\/website\/wp-json\/wp\/v2\/posts"}],"about":[{"href":"https:\/\/www.messinaoggi.it\/website\/wp-json\/wp\/v2\/types\/post"}],"author":[{"embeddable":true,"href":"https:\/\/www.messinaoggi.it\/website\/wp-json\/wp\/v2\/users\/4"}],"replies":[{"embeddable":true,"href":"https:\/\/www.messinaoggi.it\/website\/wp-json\/wp\/v2\/comments?post=52396"}],"version-history":[{"count":0,"href":"https:\/\/www.messinaoggi.it\/website\/wp-json\/wp\/v2\/posts\/52396\/revisions"}],"wp:featuredmedia":[{"embeddable":true,"href":"https:\/\/www.messinaoggi.it\/website\/wp-json\/wp\/v2\/media\/14661"}],"wp:attachment":[{"href":"https:\/\/www.messinaoggi.it\/website\/wp-json\/wp\/v2\/media?parent=52396"}],"wp:term":[{"taxonomy":"category","embeddable":true,"href":"https:\/\/www.messinaoggi.it\/website\/wp-json\/wp\/v2\/categories?post=52396"},{"taxonomy":"post_tag","embeddable":true,"href":"https:\/\/www.messinaoggi.it\/website\/wp-json\/wp\/v2\/tags?post=52396"}],"curies":[{"name":"wp","href":"https:\/\/api.w.org\/{rel}","templated":true}]}}