{"id":52384,"date":"2021-01-30T16:05:54","date_gmt":"2021-01-30T15:05:54","guid":{"rendered":"https:\/\/www.messinaoggi.it\/website\/?p=52384"},"modified":"2021-01-30T16:05:54","modified_gmt":"2021-01-30T15:05:54","slug":"puccio-lascio-amam-sulla-strada-del-risanamento-finanziario","status":"publish","type":"post","link":"https:\/\/www.messinaoggi.it\/website\/2021\/01\/30\/puccio-lascio-amam-sulla-strada-del-risanamento-finanziario\/","title":{"rendered":"Puccio: &quot;Lascio Amam sulla strada del risanamento finanziario&quot;"},"content":{"rendered":"<p style=\"font-weight: 400;\">Il presidente di Amam, Salvo Puccio, ha comunicato al CdA e al collegio dei sindaci, l&#8217;intenzione di rassegnare le dimissioni da presidente del CdA, per motivi di opportunit\u00e0 legati alla prossima decorrenza del contratto da dirigente presso la Citt\u00e0 metropolitana di Messina.<div id=\"div-gpt-ad-Messinaoggi.it-DSK-300x250-corpoart\" style=\"text-align:center;margin:0 auto;\"><\/div><\/p>\n<p style=\"font-weight: 400;\">Nel corso dell&#8217;assemblea, Puccio ha fatto l&#8217;excursus dei risultati del proprio mandato al capolinea e ringraziato sentitamente il socio unico per la fiducia accordatagli e per il forte sostegno all\u2019azione necessaria al risanamento di Amam Spa che, per i debiti trovati all&#8217;insediamento, nonch\u00e9 per le condizioni gestionali che non permettevano di produrre gli incassi dei crediti con la necessaria frequenza ed importo utile, non era per nulla assicurato.<div id=\"videoincontent\" style=\"clear:both\";><\/div><\/p>\n<p style=\"font-weight: 400;\">Amam, che alla data di insediamento, scontava ancora il triste ricordo dell&#8217;emergenza idrica dell&#8217;ottobre 2015, ha intrapreso un percorso virtuoso che vede oggi le innovazioni nel sistema gestionale, di fatturazione, di bollettazione e di gestione utenti con portale dedicato e possibilit\u00e0 di pagoPA e letture in remoto mediante App.<\/p>\n<p style=\"font-weight: 400;\">Molti i progressi registrati e gli obiettivi centrati in questi due anni: grazie al pagamento dei debiti con i fornitori di energia elettrica, che da soli vantano crediti per circa 52 milioni di euro (e che producevano continui pignoramenti ai conti correnti di Amam) \u00e8 stato possibile registrare risparmi per circa 4 milioni di euro nel 2020\u00a0 rientrando nella fornitura Consip e restandoci anche per il 2021. Ma significativi passi avanti si sono registrati anche nella mitigazione dell&#8217;inquinamento da scarichi fognari nelle foci dei torrenti (su cui puntano i progetti Masterplan e collettamenti dei reflui al depuratore), nelle autorizzazioni degli impianti di depurazione (sia per le immissioni in atmosfera che per lo scarico), con beneficio indubbio per le le acque marine e gli ambienti costieri.<\/p>\n<p style=\"font-weight: 400;\">&#8220;Credo &#8211; ha affermato il presidente uscente Salvo Puccio &#8211; di lasciare Amam sulla strada del risanamento finanziario e con ottime prospettive di crescita in termini economici, infrastrutturali, di occupazione e il tutto finalizzato ad offrire un servizio idrico integrato sempre pi\u00f9 completo, e penso anche al recente contratto di servizi aggiuntivi appena approvato dal Consiglio comunale di Messina, che permetter\u00e0 di mitigare i continui allagamenti che si verificano in citt\u00e0 in concomitanza delle piogge&#8221;.<\/p>\n<p style=\"font-weight: 400;\">Anche la gestione delle fontane ornamentali, l&#8217;installazione di numerose fontanelle pubbliche, la gestione delle docce estive, la sistemazione degli spazi verdi e la rapidit\u00e0 di interventi di manutenzione e riparazione, sia della rete idrica che fognaria, attestano per Amam ulteriori risultati virtuosi di crescita tangibile.<\/p>\n<p style=\"font-weight: 400;\">Importanti passi avanti sono stati fatti in termini di valorizzazione delle risorse del personale con le stabilizzazioni attuate che hanno dato dignit\u00e0 ad un precariato storico che oggi pu\u00f2 guardare ad un futuro pi\u00f9 roseo con la dovuta tranquillit\u00e0 lavorativa.<\/p>\n<p style=\"font-weight: 400;\">Tra i numeri in attivo nel &#8220;bilancio&#8221; di chiusura della propria presidenza, Puccio annovera la riduzione delle perdite di risorse idriche, l&#8217;immissione di nuove risorse le opere infrastrutturali del Masterplan gi\u00e0 affidati, le progettazioni completate oggi appaltabili in relazione alla nuova rete idrica, alla nuova rete fognaria, ma anche &#8220;la tutela degli interessi di Amam nei confronti di alcuni speculatori e ogni altra novit\u00e0 introdotta &#8211; prosegue Puccio &#8211; che permettono ora di poter affrontare il futuro con moderato ottimismo sebbene ci troviamo in un periodo emergenziale che non permette di procedere alla riscossione necessaria della tariffa per le note motivazioni relative alle problematiche sociali ed economiche che la stessa pandemia da Sars Cov 2 sta infliggendo all&#8217;economia italiana, siciliana e quindi messinese&#8221;.<\/p>\n<p style=\"font-weight: 400;\">Resta il tema di avere l&#8217;acqua H24 in tutta la citt\u00e0, ma il risultato deve essere inquadrato in un percorso virtuoso che registra, a parit\u00e0 di risorse idriche a disposizione, un aumento dei turni di erogazione tangibili ai pi\u00f9 evidenziando che Amam sta fornendo allacci e contratti a chi, per anni, era costretto a rifornirsi da privati o mediante pozzi privati.<\/p>\n<p style=\"font-weight: 400;\">Nella stessa seduta assembleare\u00a0\u00e8 stato nominato vice presidente di Amam, Loredana Bonasera che assumer\u00e0 la funzione ad\u00a0interim\u00a0di presidente, nelle more dell&#8217;individuazione del nuovo componente del CdA.<\/p>\n","protected":false},"excerpt":{"rendered":"<p>Il presidente di Amam, Salvo Puccio, ha comunicato al CdA e al collegio dei sindaci, l&#8217;intenzione di rassegnare le dimissioni da presidente del CdA, per motivi di opportunit\u00e0 legati alla prossima decorrenza del contratto da dirigente presso la Citt\u00e0 metropolitana di Messina. Nel corso dell&#8217;assemblea, Puccio ha fatto l&#8217;excursus dei risultati del proprio mandato al [&hellip;]<\/p>\n","protected":false},"author":4,"featured_media":1679,"comment_status":"closed","ping_status":"closed","sticky":false,"template":"","format":"standard","meta":{"ub_ctt_via":"","_mi_skip_tracking":false},"categories":[5],"tags":[],"featured_image_src":"https:\/\/www.messinaoggi.it\/website\/wp-content\/uploads\/2017\/06\/Amam-sede-2.jpg","author_info":{"display_name":"redme","author_link":"https:\/\/www.messinaoggi.it\/website\/author\/redme\/"},"digistream_id":0,"digistream":false,"_links":{"self":[{"href":"https:\/\/www.messinaoggi.it\/website\/wp-json\/wp\/v2\/posts\/52384"}],"collection":[{"href":"https:\/\/www.messinaoggi.it\/website\/wp-json\/wp\/v2\/posts"}],"about":[{"href":"https:\/\/www.messinaoggi.it\/website\/wp-json\/wp\/v2\/types\/post"}],"author":[{"embeddable":true,"href":"https:\/\/www.messinaoggi.it\/website\/wp-json\/wp\/v2\/users\/4"}],"replies":[{"embeddable":true,"href":"https:\/\/www.messinaoggi.it\/website\/wp-json\/wp\/v2\/comments?post=52384"}],"version-history":[{"count":0,"href":"https:\/\/www.messinaoggi.it\/website\/wp-json\/wp\/v2\/posts\/52384\/revisions"}],"wp:featuredmedia":[{"embeddable":true,"href":"https:\/\/www.messinaoggi.it\/website\/wp-json\/wp\/v2\/media\/1679"}],"wp:attachment":[{"href":"https:\/\/www.messinaoggi.it\/website\/wp-json\/wp\/v2\/media?parent=52384"}],"wp:term":[{"taxonomy":"category","embeddable":true,"href":"https:\/\/www.messinaoggi.it\/website\/wp-json\/wp\/v2\/categories?post=52384"},{"taxonomy":"post_tag","embeddable":true,"href":"https:\/\/www.messinaoggi.it\/website\/wp-json\/wp\/v2\/tags?post=52384"}],"curies":[{"name":"wp","href":"https:\/\/api.w.org\/{rel}","templated":true}]}}