{"id":52360,"date":"2021-01-30T19:00:52","date_gmt":"2021-01-30T18:00:52","guid":{"rendered":"https:\/\/www.messinaoggi.it\/website\/?p=52360"},"modified":"2021-01-30T19:00:52","modified_gmt":"2021-01-30T18:00:52","slug":"calcio-a-5-pgs-luce-messina-attiva-sul-mercato-arrivano-marco-raffa-e-andrea-consolo","status":"publish","type":"post","link":"https:\/\/www.messinaoggi.it\/website\/2021\/01\/30\/calcio-a-5-pgs-luce-messina-attiva-sul-mercato-arrivano-marco-raffa-e-andrea-consolo\/","title":{"rendered":"CALCIO A 5 &#8211; Pgs Luce Messina attiva sul mercato. Arrivano Marco Raffa e Andrea Consolo"},"content":{"rendered":"<h6><em><strong>La societ\u00e0 peloritana cede anche, a titolo temporaneo, Giorgianni che passa in serie D al Giovanni Paolo II<\/strong><\/em><\/h6>\n<h6><em><strong>\u00a0<\/strong><\/em><\/h6>\n<p style=\"text-align: justify\">Rinforzi in casa Pgs Luce Messina, che ha confermato il trasferimento in entrata, a titolo temporaneo, di Marco Raffa e Andrea Consolo. I due laterali provengono dal Meriven, squadra militante nel campionato di C1 che la societ\u00e0 guidata da Fabrizio Caratozzolo ringrazia per la collaborazione e la professionalit\u00e0 con cui \u00e8 stata portata avanti la trattativa.<div id=\"div-gpt-ad-Messinaoggi.it-DSK-300x250-corpoart\" style=\"text-align:center;margin:0 auto;\"><\/div><\/p>\n<div id=\"attachment_52363\" style=\"width: 450px\" class=\"wp-caption alignright\"><img aria-describedby=\"caption-attachment-52363\" loading=\"lazy\" class=\" wp-image-52363\" src=\"https:\/\/www.messinaoggi.it\/website\/wp-content\/uploads\/2021\/01\/Raffa-300x200.jpg\" alt=\"\" width=\"440\" height=\"293\" \/><p id=\"caption-attachment-52363\" class=\"wp-caption-text\"><strong><em>Marco Raffa<\/em><\/strong><\/p><\/div>\n<p style=\"text-align: justify\">Marco Raffa \u00e8 un classe \u201998 che ha svolto tutta la trafila nelle giovanili della Pgs Luce Messina, con cui ha anche esordito in C2 e poi in C1 prima di essere ceduto alla compagine di Santa Lucia del Mela.<div id=\"videoincontent\" style=\"clear:both\";><\/div><\/p>\n<p style=\"text-align: justify\">Andrea Consolo invece \u00e8 un esperto classe \u201986 che ha mosso i primi passi nello Sporting Peloro Messina per poi vestire le maglie di Oliveri e Siac Messina.<\/p>\n<p style=\"text-align: justify\">Ai saluti, invece, l&#8217;esperienza di Giorgianni che, dopo una stagione in biancazzurro, passa a titolo temporaneo al Giovanni Paolo II, squadra militante nel campionato di Serie D.<\/p>\n","protected":false},"excerpt":{"rendered":"<p>La societ\u00e0 peloritana cede anche, a titolo temporaneo, Giorgianni che passa in serie D al Giovanni Paolo II \u00a0 Rinforzi in casa Pgs Luce Messina, che ha confermato il trasferimento in entrata, a titolo temporaneo, di Marco Raffa e Andrea Consolo. I due laterali provengono dal Meriven, squadra militante nel campionato di C1 che la [&hellip;]<\/p>\n","protected":false},"author":17,"featured_media":52362,"comment_status":"closed","ping_status":"closed","sticky":false,"template":"","format":"standard","meta":{"ub_ctt_via":"","_mi_skip_tracking":false},"categories":[8,9],"tags":[511,462,512],"featured_image_src":"https:\/\/www.messinaoggi.it\/website\/wp-content\/uploads\/2021\/01\/Giorgianni.jpg","author_info":{"display_name":"Giuseppe Luppino","author_link":"https:\/\/www.messinaoggi.it\/website\/author\/g-luppino\/"},"digistream_id":0,"digistream":false,"_links":{"self":[{"href":"https:\/\/www.messinaoggi.it\/website\/wp-json\/wp\/v2\/posts\/52360"}],"collection":[{"href":"https:\/\/www.messinaoggi.it\/website\/wp-json\/wp\/v2\/posts"}],"about":[{"href":"https:\/\/www.messinaoggi.it\/website\/wp-json\/wp\/v2\/types\/post"}],"author":[{"embeddable":true,"href":"https:\/\/www.messinaoggi.it\/website\/wp-json\/wp\/v2\/users\/17"}],"replies":[{"embeddable":true,"href":"https:\/\/www.messinaoggi.it\/website\/wp-json\/wp\/v2\/comments?post=52360"}],"version-history":[{"count":0,"href":"https:\/\/www.messinaoggi.it\/website\/wp-json\/wp\/v2\/posts\/52360\/revisions"}],"wp:featuredmedia":[{"embeddable":true,"href":"https:\/\/www.messinaoggi.it\/website\/wp-json\/wp\/v2\/media\/52362"}],"wp:attachment":[{"href":"https:\/\/www.messinaoggi.it\/website\/wp-json\/wp\/v2\/media?parent=52360"}],"wp:term":[{"taxonomy":"category","embeddable":true,"href":"https:\/\/www.messinaoggi.it\/website\/wp-json\/wp\/v2\/categories?post=52360"},{"taxonomy":"post_tag","embeddable":true,"href":"https:\/\/www.messinaoggi.it\/website\/wp-json\/wp\/v2\/tags?post=52360"}],"curies":[{"name":"wp","href":"https:\/\/api.w.org\/{rel}","templated":true}]}}