{"id":52338,"date":"2021-01-30T09:51:45","date_gmt":"2021-01-30T08:51:45","guid":{"rendered":"https:\/\/www.messinaoggi.it\/website\/?p=52338"},"modified":"2021-01-30T09:51:45","modified_gmt":"2021-01-30T08:51:45","slug":"con-emergenza-covid-udienze-da-remoto-per-commissioni-tributarie","status":"publish","type":"post","link":"https:\/\/www.messinaoggi.it\/website\/2021\/01\/30\/con-emergenza-covid-udienze-da-remoto-per-commissioni-tributarie\/","title":{"rendered":"Con emergenza Covid udienze da remoto per Commissioni Tributarie"},"content":{"rendered":"<div>ROMA (ITALPRESS) &#8211; Il cambiamento nell&#8217;organizzazione delle udienze innanzi alle Commissioni tributarie nel periodo della pandemia e i criteri per le loro modalit\u00e0 di svolgimento sono stati i temi al centro dell&#8217;incontro online dal titolo &#8220;Le udienze da remoto innanzi alle Commissioni Tributarie&#8221;, promosso dal Consiglio dell&#8217;Ordine degli avvocati di Salerno e Uncat.<br \/>\n&#8220;La giusta contemperazione del diritto di difesa, che trova nella oralit\u00e0 una delle sue fasi di esercizio &#8211; ha spiegato Michele Di Fiore, direttore scuola di formazione Uncat -, e dell&#8217;interesse alla ragionevole durata del processo va ricercata nell&#8217;accoglimento dell&#8217;istanza di rinvio ogni qual volta ci\u00f2 sia giustificato dall&#8217;importanza, dalla complessit\u00e0 e dal valore della questione da decidere. Non pu\u00f2 essere negato che la trattazione dell&#8217;udienza partecipata, a seguito del dibattito delle parti processuali, concorre a realizzare un giusto processo e fare &#8216;buon\u00e0 giustizia&#8221;.<br \/>\nPer Maria Giuseppa Padula, vicepresidente Camera Tributaria di Salerno e referente POF Tributario COA Salerno, la modalit\u00e0 da remoto \u00e8 un &#8220;rimedio a una compressione del contraddittorio e del principio di oralit\u00e0 che si era avuta alle prime battute dell&#8217;emergenza Covid quando l&#8217;udienza pubblica era stata abbandonata e soppiantata dalla trattazione scritta&#8221;.<br \/>\n&#8220;L&#8217;emergenza Covid &#8211; ha affermato Alfredo Montagna, presidente della Commissione Tributaria Regionale di Napoli &#8211; ci ha raggiunto nel momento in cui stavamo sviluppando un modello con un&#8217;udienza scaglionata nel tempo che consentisse alle parti di avere spazio&#8221;. Con la pandemia, poi, &#8220;abbiamo dovuto fare correzioni in corsa&#8221;, ha spiegato. Per Montagna bisogna &#8220;bilanciare le esigenze di avere giustizia, avere una giustizia completa o non fare nulla&#8221;. &#8220;Non ritengo che via sia un diritto del rappresentante delle parti di scegliere che l&#8217;udienza non si faccia e che venga rinviata alla fine del periodo emergenziale&#8221;, ha aggiunto facendo riferimento a &#8220;una fase che non si sa quando finisce&#8221; e parlando poi di &#8220;modalit\u00e0 comportamentale&#8221;. &#8220;Nella scelta circa il presentare o meno l&#8217;istanza di discussione opto sempre per la discussione della controversia&#8221;, ha affermato Carlo Nunziante Cesaro della Camera degli Avvocati Tributaristi di Salerno e membro del CNF per il Diritto Tributario. &#8220;Portare il peso come difensori delle questioni dei contribuenti &#8211; ha aggiunto &#8211; oggi non \u00e8 cosa da poco&#8221;. Durante l&#8217;evento, il direttore della scuola di formazione Uncat, Michele Di Fiore, ha anche presentato l&#8217;edizione 2021-2022 del corso di specializzazione. &#8220;Ad oggi &#8211; ha sottolineato Di Fiore &#8211; la scuola Uncat \u00e8 l&#8217;unica, in convenzione con le universit\u00e0, a organizzare un corso di specializzazione. Siamo giunti al traguardo&#8221;, ha evidenziato facendo anche riferimento alla disciplina di attuazione della legge istitutiva della specializzazione completata con la pubblicazione del recente decreto ministeriale. &#8220;Cos\u00ec come per il paziente \u00e8 naturale rivolgersi all&#8217;ortopedico se ha una frattura, quello stesso cittadino, d&#8217;ora in poi &#8211; ha evidenziato Di Fiore -, si rivolger\u00e0 all&#8217;avvocato specialista in diritto tributario per farsi assistere nella tutela dei suoi diritti dinanzi alle Commissioni tributarie, all&#8217;Agenzia delle Entrate e agli altri Enti impositori e di riscossione&#8221;.<br \/>\n(ITALPRESS).<\/div>\n<div id=\"div-gpt-ad-Messinaoggi.it-DSK-300x250-corpoart\" style=\"text-align:center;margin:0 auto;\"><\/div><\/p><div id=\"videoincontent\" style=\"clear:both\";><\/div>","protected":false},"excerpt":{"rendered":"<p>ROMA (ITALPRESS) &#8211; Il cambiamento nell&#8217;organizzazione delle udienze innanzi alle Commissioni tributarie nel periodo della pandemia e i criteri per le loro modalit\u00e0 di svolgimento sono stati i temi al centro dell&#8217;incontro online dal titolo &#8220;Le udienze da remoto innanzi alle Commissioni Tributarie&#8221;, promosso dal Consiglio dell&#8217;Ordine degli avvocati di Salerno e Uncat. &#8220;La giusta [&hellip;]<\/p>\n","protected":false},"author":2,"featured_media":52339,"comment_status":"closed","ping_status":"closed","sticky":false,"template":"","format":"standard","meta":{"ub_ctt_via":"","_mi_skip_tracking":false},"categories":[446,11],"tags":[],"featured_image_src":"https:\/\/www.messinaoggi.it\/website\/wp-content\/uploads\/2021\/01\/20210129_2897-840x580-1.jpg","author_info":{"display_name":"Redazione","author_link":"https:\/\/www.messinaoggi.it\/website\/author\/redazione\/"},"digistream_id":0,"digistream":false,"_links":{"self":[{"href":"https:\/\/www.messinaoggi.it\/website\/wp-json\/wp\/v2\/posts\/52338"}],"collection":[{"href":"https:\/\/www.messinaoggi.it\/website\/wp-json\/wp\/v2\/posts"}],"about":[{"href":"https:\/\/www.messinaoggi.it\/website\/wp-json\/wp\/v2\/types\/post"}],"author":[{"embeddable":true,"href":"https:\/\/www.messinaoggi.it\/website\/wp-json\/wp\/v2\/users\/2"}],"replies":[{"embeddable":true,"href":"https:\/\/www.messinaoggi.it\/website\/wp-json\/wp\/v2\/comments?post=52338"}],"version-history":[{"count":0,"href":"https:\/\/www.messinaoggi.it\/website\/wp-json\/wp\/v2\/posts\/52338\/revisions"}],"wp:featuredmedia":[{"embeddable":true,"href":"https:\/\/www.messinaoggi.it\/website\/wp-json\/wp\/v2\/media\/52339"}],"wp:attachment":[{"href":"https:\/\/www.messinaoggi.it\/website\/wp-json\/wp\/v2\/media?parent=52338"}],"wp:term":[{"taxonomy":"category","embeddable":true,"href":"https:\/\/www.messinaoggi.it\/website\/wp-json\/wp\/v2\/categories?post=52338"},{"taxonomy":"post_tag","embeddable":true,"href":"https:\/\/www.messinaoggi.it\/website\/wp-json\/wp\/v2\/tags?post=52338"}],"curies":[{"name":"wp","href":"https:\/\/api.w.org\/{rel}","templated":true}]}}