{"id":52304,"date":"2021-01-29T10:38:11","date_gmt":"2021-01-29T09:38:11","guid":{"rendered":"https:\/\/www.messinaoggi.it\/website\/?p=52304"},"modified":"2021-01-29T10:38:11","modified_gmt":"2021-01-29T09:38:11","slug":"fumata-nera-sui-diritti-tv-lega-di-a-passa-alle-trattative-private","status":"publish","type":"post","link":"https:\/\/www.messinaoggi.it\/website\/2021\/01\/29\/fumata-nera-sui-diritti-tv-lega-di-a-passa-alle-trattative-private\/","title":{"rendered":"Fumata nera sui diritti tv, Lega di A passa alle trattative private"},"content":{"rendered":"<div>MILANO (ITALPRESS) &#8211; La cifra di 1,15 miliardi per la cessione dei diritti televisivi della Serie A 2021-24 \u00e8 ancora lontana, ma non impossibile. La prima tornata si \u00e8 conclusa come previsto, nessuno \u00e8 arrivato a offrire tanto, cosa che comporter\u00e0 il passaggio alle trattative private. Appuntamento il prossimo 5 febbraio in un hotel milanese, dove la commissione composta da Lotito, De Laurentiis e Ferrero e dagli avvocati di Inter e Udinese Cappellini e Campoccia tratter\u00e0 direttamente con i broadcaster, buste che saranno poi aperte nell&#8217;assemblea del giorno 8. &#8220;La cifra che abbiamo indicato \u00e8 quella massima, che non si \u00e8 mai raggiunta nelle aste dei 15 anni precedenti &#8211; ha spiegato l&#8217;amministratore delegato della Lega Serie A Luigi De Siervo &#8211; Che oggi fossero offerte pi\u00f9 basse era scontato, ma saranno migliorate sensibilmente nelle trattative private&#8221;. Nessun colpo di scena (compresa la mancata offerta da parte di Amazon), ma una fase di obbligato passaggio nel contesto di una trattativa importante per tutto il calcio italiano, che secondo quanto auspicato da via Rosellini vuole massimizzare il guadagno per il triennio 21-24: &#8220;Non \u00e8 accaduto nulla che non avessimo previsto &#8211; ha spiegato De Siervo -. Sapevamo che Amazon voleva un pacchetto sul modello del campionato inglese, che per\u00f2 avrebbe stravolto la nostra strategia. Non abbiamo voluto modificare il nostro approccio al mercato, perch\u00e8 non si possono stravolgere le modalit\u00e0 cui i nostri spettatori sono abituati, e la politica di Amazon \u00e8 quella di un progetto che pone al centro pi\u00f9 il marketing che il prodotto. Dazn? E&#8217; diventato in alcuni mercati la piattaforma dominante, vuole sostituirsi nel ruolo avuto da Sky, che per\u00f2 ha i mezzi per raggiungere e superare un&#8217;offerta comunque alta&#8221;. Resta salva l&#8217;ipotesi della creazione di un canale della Lega Calcio, che a sua volta potrebbe offrire il prodotto sulle piattaforme Ott: &#8220;Sarebbe un canale light &#8211; ha spiegato De Siervo -, se lo facessimo potremmo proporre a Tim, Amazon, Vodafone e Dazn il canale Ott con sette partite senza dover fare ulteriori abbonamenti&#8221;.<br \/>\n(ITALPRESS).<\/div>\n<div id=\"div-gpt-ad-Messinaoggi.it-DSK-300x250-corpoart\" style=\"text-align:center;margin:0 auto;\"><\/div><\/p><div id=\"videoincontent\" style=\"clear:both\";><\/div>","protected":false},"excerpt":{"rendered":"<p>MILANO (ITALPRESS) &#8211; La cifra di 1,15 miliardi per la cessione dei diritti televisivi della Serie A 2021-24 \u00e8 ancora lontana, ma non impossibile. La prima tornata si \u00e8 conclusa come previsto, nessuno \u00e8 arrivato a offrire tanto, cosa che comporter\u00e0 il passaggio alle trattative private. Appuntamento il prossimo 5 febbraio in un hotel milanese, [&hellip;]<\/p>\n","protected":false},"author":2,"featured_media":52305,"comment_status":"closed","ping_status":"closed","sticky":false,"template":"","format":"standard","meta":{"ub_ctt_via":"","_mi_skip_tracking":false},"categories":[10,446,9],"tags":[],"featured_image_src":"https:\/\/www.messinaoggi.it\/website\/wp-content\/uploads\/2021\/01\/20210128_2997.jpg","author_info":{"display_name":"Redazione","author_link":"https:\/\/www.messinaoggi.it\/website\/author\/redazione\/"},"digistream_id":0,"digistream":false,"_links":{"self":[{"href":"https:\/\/www.messinaoggi.it\/website\/wp-json\/wp\/v2\/posts\/52304"}],"collection":[{"href":"https:\/\/www.messinaoggi.it\/website\/wp-json\/wp\/v2\/posts"}],"about":[{"href":"https:\/\/www.messinaoggi.it\/website\/wp-json\/wp\/v2\/types\/post"}],"author":[{"embeddable":true,"href":"https:\/\/www.messinaoggi.it\/website\/wp-json\/wp\/v2\/users\/2"}],"replies":[{"embeddable":true,"href":"https:\/\/www.messinaoggi.it\/website\/wp-json\/wp\/v2\/comments?post=52304"}],"version-history":[{"count":0,"href":"https:\/\/www.messinaoggi.it\/website\/wp-json\/wp\/v2\/posts\/52304\/revisions"}],"wp:featuredmedia":[{"embeddable":true,"href":"https:\/\/www.messinaoggi.it\/website\/wp-json\/wp\/v2\/media\/52305"}],"wp:attachment":[{"href":"https:\/\/www.messinaoggi.it\/website\/wp-json\/wp\/v2\/media?parent=52304"}],"wp:term":[{"taxonomy":"category","embeddable":true,"href":"https:\/\/www.messinaoggi.it\/website\/wp-json\/wp\/v2\/categories?post=52304"},{"taxonomy":"post_tag","embeddable":true,"href":"https:\/\/www.messinaoggi.it\/website\/wp-json\/wp\/v2\/tags?post=52304"}],"curies":[{"name":"wp","href":"https:\/\/api.w.org\/{rel}","templated":true}]}}