{"id":52280,"date":"2021-01-28T11:34:09","date_gmt":"2021-01-28T10:34:09","guid":{"rendered":"https:\/\/www.messinaoggi.it\/website\/?p=52280"},"modified":"2021-01-28T11:34:09","modified_gmt":"2021-01-28T10:34:09","slug":"sale-la-tensione-sociale-de-luca-minaccia-proroghe-nelle-chiusure-intervenga-il-prefetto","status":"publish","type":"post","link":"https:\/\/www.messinaoggi.it\/website\/2021\/01\/28\/sale-la-tensione-sociale-de-luca-minaccia-proroghe-nelle-chiusure-intervenga-il-prefetto\/","title":{"rendered":"Sale la tensione sociale: De Luca \u201cminaccia\u201d proroghe nelle chiusure, intervenga il prefetto"},"content":{"rendered":"<p style=\"text-align: justify;\">Lungi da noi l\u2019idea di tirare per la giacchetta sua Eccellenza il prefetto di Messina, ma la notizia che il sindaco intenderebbe prorogare le restrizioni fino a mercoled\u00ec prossimo sta trasformano Messina in una polveriera.<div id=\"div-gpt-ad-Messinaoggi.it-DSK-300x250-corpoart\" style=\"text-align:center;margin:0 auto;\"><\/div><\/p>\n<p style=\"text-align: justify;\">Il primo cittadino ha lasciato intendere che vorrebbe prorogare le restrizioni e ci\u00f2 sta scatenando un\u2019autentica \u201crivoluzione\u201d da parte di esercenti e cittadini. Il web, generalmente termometro della tensione sociale, parla chiaramente.<div id=\"videoincontent\" style=\"clear:both\";><\/div><\/p>\n<p><img loading=\"lazy\" class=\"alignnone wp-image-51834\" src=\"https:\/\/www.messinaoggi.it\/website\/wp-content\/uploads\/2021\/01\/11DCDEB9-4B0E-40BF-A20A-C5CF98C7A009-300x225.jpeg\" alt=\"\" width=\"1087\" height=\"815\" \/><\/p>\n<p style=\"text-align: justify;\">Il video di questa mattina del sindaco sta scatenando un dibattito che vede numerosissimi messinesi puntare l\u2019indice contro <strong>Cateno De Luca<\/strong>. E passare dal virtuale al reale \u00e8 solo un attimo.<\/p>\n<p style=\"text-align: justify;\">A questo punto si rende improcrastinabile un intervento del prefetto di Messina, <strong>Maria Carmela Librizzi<\/strong>, il quale ha il dovere per smorzare le nascenti tensioni sociali di tirare le \u201cbriglia\u201d a un sindaco letteralmente scatenato. Giova, tuttavia, sottolineare che i \u201cmonologhi\u201d del sindaco durante le dirette Fb stanno alimentando un clima di tensione inaudito.<\/p>\n<p style=\"text-align: justify;\">E\u2019 giunto il tempo per il prefetto di \u201carginare\u201d il primo cittadino che intende proseguire per la sua strada. I numeri della Sicilia la collocano addirittura in ziona gialla, ma per la \u201cregola\u201d che vieta il doppio salto, la Regione nella giornata di domani, passer\u00e0 in zona arancione. Nonostante ci\u00f2, il sindaco <strong>De Luca<\/strong> intende mantenere le restrizioni della zona ultrarossa fino a mercoled\u00ec 3 febbraio: ci\u00f2 significa che le attivit\u00e0 commerciali potranno aprire battente solo gioved\u00ec 4.<\/p>\n<p style=\"text-align: justify;\">Il prefetto ha gli strumenti per \u201cfermare\u201d il sindaco ed \u00e8 giunto il tempo di esercitare i poteri che la legge conferisce al rappresentate locale del governo. Il prefetto pu\u00f2 anche sospendere il sindaco dalle sue funzioni. Lo prevede, del resto, l\u2019articolo 40, legge 8 giugno 1990, n. 142: il sindaco pu\u00f2 essere sospeso (\u2026) per gravi motivi di ordine pubblico.<\/p>\n","protected":false},"excerpt":{"rendered":"<p>Lungi da noi l\u2019idea di tirare per la giacchetta sua Eccellenza il prefetto di Messina, ma la notizia che il sindaco intenderebbe prorogare le restrizioni fino a mercoled\u00ec prossimo sta trasformano Messina in una polveriera. Il primo cittadino ha lasciato intendere che vorrebbe prorogare le restrizioni e ci\u00f2 sta scatenando un\u2019autentica \u201crivoluzione\u201d da parte di [&hellip;]<\/p>\n","protected":false},"author":2,"featured_media":15291,"comment_status":"closed","ping_status":"closed","sticky":false,"template":"","format":"standard","meta":{"ub_ctt_via":"","_mi_skip_tracking":false},"categories":[221,19],"tags":[],"featured_image_src":"https:\/\/www.messinaoggi.it\/website\/wp-content\/uploads\/2018\/02\/prefetto-N82A8516-1.jpg","author_info":{"display_name":"Redazione","author_link":"https:\/\/www.messinaoggi.it\/website\/author\/redazione\/"},"digistream_id":0,"digistream":false,"_links":{"self":[{"href":"https:\/\/www.messinaoggi.it\/website\/wp-json\/wp\/v2\/posts\/52280"}],"collection":[{"href":"https:\/\/www.messinaoggi.it\/website\/wp-json\/wp\/v2\/posts"}],"about":[{"href":"https:\/\/www.messinaoggi.it\/website\/wp-json\/wp\/v2\/types\/post"}],"author":[{"embeddable":true,"href":"https:\/\/www.messinaoggi.it\/website\/wp-json\/wp\/v2\/users\/2"}],"replies":[{"embeddable":true,"href":"https:\/\/www.messinaoggi.it\/website\/wp-json\/wp\/v2\/comments?post=52280"}],"version-history":[{"count":0,"href":"https:\/\/www.messinaoggi.it\/website\/wp-json\/wp\/v2\/posts\/52280\/revisions"}],"wp:featuredmedia":[{"embeddable":true,"href":"https:\/\/www.messinaoggi.it\/website\/wp-json\/wp\/v2\/media\/15291"}],"wp:attachment":[{"href":"https:\/\/www.messinaoggi.it\/website\/wp-json\/wp\/v2\/media?parent=52280"}],"wp:term":[{"taxonomy":"category","embeddable":true,"href":"https:\/\/www.messinaoggi.it\/website\/wp-json\/wp\/v2\/categories?post=52280"},{"taxonomy":"post_tag","embeddable":true,"href":"https:\/\/www.messinaoggi.it\/website\/wp-json\/wp\/v2\/tags?post=52280"}],"curies":[{"name":"wp","href":"https:\/\/api.w.org\/{rel}","templated":true}]}}