{"id":52279,"date":"2021-01-28T11:02:57","date_gmt":"2021-01-28T10:02:57","guid":{"rendered":"https:\/\/www.messinaoggi.it\/website\/?p=52279"},"modified":"2021-01-28T11:02:57","modified_gmt":"2021-01-28T10:02:57","slug":"covid-laimo-attivita-sullorlo-del-baratro-bisogna-riaprire","status":"publish","type":"post","link":"https:\/\/www.messinaoggi.it\/website\/2021\/01\/28\/covid-laimo-attivita-sullorlo-del-baratro-bisogna-riaprire\/","title":{"rendered":"Covid, Laimo: &quot;Attivit\u00e0 sull&#039;orlo del baratro, bisogna riaprire&quot;"},"content":{"rendered":"<p>Il consigliere della V Municipalit\u00e0 Franco Laimo scrive al governatore regionale Nello Musumeci e al sindaco Cateno De Luca esortandoli, dopo le chiusure delle ultime settimane, a intraprendere delle nuove misure correttive che mirino s\u00ec alla tutela e prevenzione della salute pubblica, ma al contempo permettano di riaprire le attivit\u00e0 commerciali ormai sull&#8217;orlo del baratro.<br \/>\n&#8220;Siamo ormai ad un punto di non ritorno economicamente parlando, &#8211; evidenzia Laimo &#8211; per tutte le attivit\u00e0 commerciali ed imprenditoriali della citt\u00e0 di Messina, molte delle quali hanno chiuso definitivamente battenti o non hanno visto gli aiuti economici sperati o ancora peggio rischiano di cadere nelle grinfie di strozzini o della criminalit\u00e0 organizzata (ricordiamo tra l&#8217;altro che non sono stati varati i nuovi aiuti economici previsti dal governo nazionale ed ancora le ulteriori 18 settimane di Cassa Integrazione 2021 non sono state decretate).<br \/>\n&#8220;Tutto questo tempo dell&#8217;era Covid ci ha fatto comprendere che questo virus non si pu\u00f2 estirpare dalle nostre vite se non grazie alla vaccinazione di massa o screening a tappeto, e pertanto non ci resta che conviverci con tutte quelle misure precauzionali possibili messe a disposizione per la collettivit\u00e0 (mantenendo per i trasgressori sanzioni pesantissime), fino a quando non si raggiunger\u00e0 un&#8217;immunit\u00e0 di gregge (attraverso sia il piano vaccinale che immunizzazione naturale) che interromper\u00e0 la catena di contagio; \u00e8 chiaro che \u00e8 dunque impensabile gestire tale situazione sanitaria isolando tutti i cittadini all&#8217;interno delle proprie abitazioni ancora e ancora, in quanto l&#8217;uomo per natura \u00e8 un &#8220;animale sociale&#8221;, e da non sottovalutare poi la situazione lavoro che ormai va di pari passo con la gravit\u00e0 del virus, rischiando un collasso socio-economico.<br \/>\n<strong>&#8220;A rischio la psiche delle persone&#8221;.<\/strong> &#8220;A tal proposito bisogna accendere un faro sulla questione psicologica che sta recando gravissimi, estremi e quasi incurabili problemi di salute mentale, una sorta di &#8220;psicopandemia&#8221;, che deriva da una drammatica miscela di ansia, paura, depressione, lasciando cicatrici profonde che deturpano e deteriorano la prorpia identit\u00e0 umana e sociale. Tanta gente \u00e8 profondamente colpita dalla situazione di grande resistenza quale ci siamo trovati a fronteggiare da un anno a questa parte, provocando estreme manifestazioni depressive quali, apatia ansia disturbi del sonno, incubi, mancanza di energie, perdita di autostima, vivere eventi fortemente stressanti, ma anche iperattivit\u00e0, senso di soffocamento e crisi di panico, sentirsi vivi ma al contempo sentirsi uccisi da un cattivo sistema che rischia di procedere in direzioni buie e senza vie d&#8217; uscita. Oltre la temperatura termica dovremmo imparare a controllare quella mentale, e comprendere lo stato febbrile della nostra psiche, mantenendola sempre a livelli freschi e mai bollenti.<br \/>\n&#8220;Un altro punto sul quale vorrei soffermarmi \u00e8 tutta questa improvvisa perdita di lavoro (sia autonomo che subordinato o parasubordinato) che sta generando in ogni persona un insieme di sentimenti di smarrimento, misti di rabbia e sconforto, difficili da affrontare nell&#8217; immediato e, che se non ben gestiti, sul lungo termine, possono portare a problematiche psicologiche anche importanti, come il decidere di togliersi la vita. Un percorso mortale preceduto da momenti che via via danneggiano e deteriorano la nostra umanit\u00e0 nella sua interezza: senso di fallimento, frustrazione, di vuoto, sconfitta, rassegnazione, di autostima, di inferiorit\u00e0, vergogna, senso di colpa, isolamento e suicidio.<br \/>\n<strong>&#8220;Attenzione anche alla salute dei giovani&#8221;.<\/strong> &#8220;Non di meno, all&#8217; interno di tutta questa situazione &#8220;covidiana&#8221;, \u00e8 il diritto negato dell&#8217; infanzia e dell&#8217;adolescenza nella vita quotidiana e scolastica. Stanchezza, incertezza, preoccupazione per il futuro, smarrimento giovanile, insomma, a fare le spesse di questa emergenza sanitaria sono anche loro, i bambini ed i giovani. La negazione della fanciullezza, dei diritti dell\u2019istruzione, dell\u2019attivit\u00e0 ludico-sportiva, sta avendo conseguenze pesanti al punto che anche &#8220;Save the Children&#8221; ha lanciato un allarme. Dietro la DAD, pi\u00f9 dispersione scolastica, infatti circa 34 mila studenti delle scuole secondarie di secondo grado sono a rischio di abbandono scolastico.<br \/>\n<strong>&#8220;Urge tornare alla normalit\u00e0&#8221;.<\/strong> La situazione \u00e8 allarmante, ecco perch\u00e9 urge tornare immediatamente a vivere la nostra normalit\u00e0. Cosa fare dunque? Occorre fornire e garantire dunque a tutti test rapidi sierologici, ovvero quei test facilmente da utilizzare utili a comprendere se si \u00e8 venuti in contatto con il virus o si \u00e8 positivi; puntare ancora sulla velocizzazione e potenziamento del piano vaccinale ed incentivare l&#8217;esclusivo utilizzo di mascherine FFP2 e non quelle di stoffa che mal proteggono se stessi e gli altri; sanzionare pesantemente i trasgressori che non rispettano le regole e coloro che pur sapendo di essere positivi al covid 19 escono dalla propria abitazione propagando e diffondendo il virus; sul fronte scolastico infine occorrerebbe effettuare i tamponi e screening direttamente negli istituti scolastici, naturalmente mantenendo la base volontaria, ma che rappresenterebbe sicuramente un incentivo maggiore di adesione per personale scolastico, studenti e familiari di questi ultimi; fatica sprecata difatti ad opera del personale sanitario che ha visto in questi giorni poche adesioni rispetto alla grande sfera di oltre 30 mila studenti (escluso i familiari). Infine dunque potenziare l&#8217;intero sistema sanitario locale senza distruggere quel poco di economia locale rimasta: diritto alla salute e diritto al lavoro devono coesistere, pertanto il diritto alla salute non pu\u00f2 uccidere quello al lavoro. Bisogna dunque fare la guerra al virus e non alla libert\u00e0 personale ed alla vita stessa&#8221;.<div id=\"div-gpt-ad-Messinaoggi.it-DSK-300x250-corpoart\" style=\"text-align:center;margin:0 auto;\"><\/div><\/p>\n<div><\/div>\n<div id=\"videoincontent\" style=\"clear:both\";><\/div>","protected":false},"excerpt":{"rendered":"<p>Il consigliere della V Municipalit\u00e0 Franco Laimo scrive al governatore regionale Nello Musumeci e al sindaco Cateno De Luca esortandoli, dopo le chiusure delle ultime settimane, a intraprendere delle nuove misure correttive che mirino s\u00ec alla tutela e prevenzione della salute pubblica, ma al contempo permettano di riaprire le attivit\u00e0 commerciali ormai sull&#8217;orlo del baratro. [&hellip;]<\/p>\n","protected":false},"author":8,"featured_media":35092,"comment_status":"closed","ping_status":"closed","sticky":false,"template":"","format":"standard","meta":{"ub_ctt_via":"","_mi_skip_tracking":false},"categories":[4],"tags":[],"featured_image_src":"https:\/\/www.messinaoggi.it\/website\/wp-content\/uploads\/2019\/07\/franco-laimo.jpg","author_info":{"display_name":"red..me","author_link":"https:\/\/www.messinaoggi.it\/website\/author\/redstage\/"},"digistream_id":0,"digistream":false,"_links":{"self":[{"href":"https:\/\/www.messinaoggi.it\/website\/wp-json\/wp\/v2\/posts\/52279"}],"collection":[{"href":"https:\/\/www.messinaoggi.it\/website\/wp-json\/wp\/v2\/posts"}],"about":[{"href":"https:\/\/www.messinaoggi.it\/website\/wp-json\/wp\/v2\/types\/post"}],"author":[{"embeddable":true,"href":"https:\/\/www.messinaoggi.it\/website\/wp-json\/wp\/v2\/users\/8"}],"replies":[{"embeddable":true,"href":"https:\/\/www.messinaoggi.it\/website\/wp-json\/wp\/v2\/comments?post=52279"}],"version-history":[{"count":0,"href":"https:\/\/www.messinaoggi.it\/website\/wp-json\/wp\/v2\/posts\/52279\/revisions"}],"wp:featuredmedia":[{"embeddable":true,"href":"https:\/\/www.messinaoggi.it\/website\/wp-json\/wp\/v2\/media\/35092"}],"wp:attachment":[{"href":"https:\/\/www.messinaoggi.it\/website\/wp-json\/wp\/v2\/media?parent=52279"}],"wp:term":[{"taxonomy":"category","embeddable":true,"href":"https:\/\/www.messinaoggi.it\/website\/wp-json\/wp\/v2\/categories?post=52279"},{"taxonomy":"post_tag","embeddable":true,"href":"https:\/\/www.messinaoggi.it\/website\/wp-json\/wp\/v2\/tags?post=52279"}],"curies":[{"name":"wp","href":"https:\/\/api.w.org\/{rel}","templated":true}]}}