{"id":52277,"date":"2021-01-28T10:12:47","date_gmt":"2021-01-28T09:12:47","guid":{"rendered":"https:\/\/www.messinaoggi.it\/website\/?p=52277"},"modified":"2021-01-28T10:12:47","modified_gmt":"2021-01-28T09:12:47","slug":"lega-catalfamo-nominato-commissario-provinciale-di-messina","status":"publish","type":"post","link":"https:\/\/www.messinaoggi.it\/website\/2021\/01\/28\/lega-catalfamo-nominato-commissario-provinciale-di-messina\/","title":{"rendered":"Lega, Catalfamo nominato commissario provinciale di Messina"},"content":{"rendered":"<p>Il capogruppo all&#8217;Ars della Lega, Antonio Catalfamo, \u00e8 stato nominato commissario del partito per la provincia di Messina. Per la provincia di Trapani, invece, \u00e8 stato nominato Maric\u00f2 Hopps.<br \/>\n\u201cQuesta nomina mi riempie di orgoglio \u2013 commenta Catalfamo \u2013 voglio ringraziare il partito per la fiducia e in particolare l\u2019onorevole Nino Minardo con il quale gi\u00e0 da tempo condividevamo la stessa impostazione politica basata su un metodo di lavoro che mette al centro i territori e le comunit\u00e0. Nei prossimi giorni, di concerto con la segreteria regionale, intendo comunicare un primo elenco di priorit\u00e0 che ci vedranno protagonisti da qui ai prossimi mesi a fianco della squadra della Lega Sicilia\u201d.<br \/>\nLa Lega Sicilia ha altres\u00ec ufficializzato i primi incarichi e stabilito le prerogative e responsabilit\u00e0 sul territorio. La squadra, in particolare, sar\u00e0 composta da:<div id=\"div-gpt-ad-Messinaoggi.it-DSK-300x250-corpoart\" style=\"text-align:center;margin:0 auto;\"><\/div><\/p>\n<ul>\n<li>Anastasio Carr\u00e0, vicesegretario regionale<\/li>\n<li>Giuseppe Fallica, coordinatore attivit\u00e0 segreteria politica regionale<\/li>\n<li>Matteo Francilia, responsabile enti locali regionale<\/li>\n<li>Igor Gelarda, responsabile dipartimenti regionale<\/li>\n<li>Massimo Gionfriddo, responsabile organizzativo regionale<\/li>\n<li>Gabriele Scariolo, responsabile segreteria tecnica e tesseramento regionale<\/li>\n<li>Riccardo Stella, responsabile social regionale.<\/li>\n<\/ul>\n<p>&#8220;Nei prossimi giorni la squadra regionale della Lega in Sicilia sar\u00e0 completata grazie alle tante personalit\u00e0 ed esperienze del nostro partito. Costituiremo la Segreteria Politica ed il Direttivo Regionale e assieme ai responsabili regionali dei vari settori definir\u00f2 le nomine di tutti i riferimenti sul territorio&#8221;, ha dichiarato il segretario regionale Nino Minardo.<div id=\"videoincontent\" style=\"clear:both\";><\/div><\/p>\n","protected":false},"excerpt":{"rendered":"<p>Il capogruppo all&#8217;Ars della Lega, Antonio Catalfamo, \u00e8 stato nominato commissario del partito per la provincia di Messina. Per la provincia di Trapani, invece, \u00e8 stato nominato Maric\u00f2 Hopps. \u201cQuesta nomina mi riempie di orgoglio \u2013 commenta Catalfamo \u2013 voglio ringraziare il partito per la fiducia e in particolare l\u2019onorevole Nino Minardo con il quale [&hellip;]<\/p>\n","protected":false},"author":8,"featured_media":12824,"comment_status":"closed","ping_status":"closed","sticky":false,"template":"","format":"standard","meta":{"ub_ctt_via":"","_mi_skip_tracking":false},"categories":[4],"tags":[],"featured_image_src":"https:\/\/www.messinaoggi.it\/website\/wp-content\/uploads\/2017\/12\/Antonio-Catalfamo.jpeg","author_info":{"display_name":"red..me","author_link":"https:\/\/www.messinaoggi.it\/website\/author\/redstage\/"},"digistream_id":0,"digistream":false,"_links":{"self":[{"href":"https:\/\/www.messinaoggi.it\/website\/wp-json\/wp\/v2\/posts\/52277"}],"collection":[{"href":"https:\/\/www.messinaoggi.it\/website\/wp-json\/wp\/v2\/posts"}],"about":[{"href":"https:\/\/www.messinaoggi.it\/website\/wp-json\/wp\/v2\/types\/post"}],"author":[{"embeddable":true,"href":"https:\/\/www.messinaoggi.it\/website\/wp-json\/wp\/v2\/users\/8"}],"replies":[{"embeddable":true,"href":"https:\/\/www.messinaoggi.it\/website\/wp-json\/wp\/v2\/comments?post=52277"}],"version-history":[{"count":0,"href":"https:\/\/www.messinaoggi.it\/website\/wp-json\/wp\/v2\/posts\/52277\/revisions"}],"wp:featuredmedia":[{"embeddable":true,"href":"https:\/\/www.messinaoggi.it\/website\/wp-json\/wp\/v2\/media\/12824"}],"wp:attachment":[{"href":"https:\/\/www.messinaoggi.it\/website\/wp-json\/wp\/v2\/media?parent=52277"}],"wp:term":[{"taxonomy":"category","embeddable":true,"href":"https:\/\/www.messinaoggi.it\/website\/wp-json\/wp\/v2\/categories?post=52277"},{"taxonomy":"post_tag","embeddable":true,"href":"https:\/\/www.messinaoggi.it\/website\/wp-json\/wp\/v2\/tags?post=52277"}],"curies":[{"name":"wp","href":"https:\/\/api.w.org\/{rel}","templated":true}]}}