{"id":52265,"date":"2021-01-28T09:23:17","date_gmt":"2021-01-28T08:23:17","guid":{"rendered":"https:\/\/www.messinaoggi.it\/website\/?p=52265"},"modified":"2021-01-28T09:23:17","modified_gmt":"2021-01-28T08:23:17","slug":"renzi-crisi-aperta-perche-ora-si-gioca-il-futuro-del-paese","status":"publish","type":"post","link":"https:\/\/www.messinaoggi.it\/website\/2021\/01\/28\/renzi-crisi-aperta-perche-ora-si-gioca-il-futuro-del-paese\/","title":{"rendered":"Renzi \u201cCrisi aperta perch\u00e8 ora si gioca il futuro del Paese\u201d"},"content":{"rendered":"<div>ROMA (ITAlPRESS) &#8211; &#8220;Mi chiedono perch\u00e8 aprire la crisi adesso. Perch\u00e8 proprio adesso si gioca il futuro del Paese. O risolviamo i punti adesso oppure condanniamo i nostri figli nel declino. Non \u00e8 facile dire queste cose, ma bisogna dire la verit\u00e0. L&#8217;Italia si sta giocando l&#8217;osso del collo. Perch\u00e8 c&#8217;\u00e8 una crisi economica e sanitaria senza precedenti. Il Pil italiano ha un livello di crollo mai avuto nella storia e non si vedono tutti gli effetti, ma quando il blocco dei licenziamenti verr\u00e0 rimosso vedremo i danni ulteriori&#8221;. A dirlo in un videomessaggio su Facebook Matteo Renzi. &#8220;Da questa situazione si pu\u00f2 ripartire, l&#8217;Europa ha messo 209 miliardi a disposizione. O decidiamo adesso di spendere i soldi o tra un anno sar\u00e0 troppo tardi, o adesso o siamo finiti&#8221;, ha aggiunto.<br \/>\n(ITALPRESS).<\/div>\n<div id=\"div-gpt-ad-Messinaoggi.it-DSK-300x250-corpoart\" style=\"text-align:center;margin:0 auto;\"><\/div><\/p><div id=\"videoincontent\" style=\"clear:both\";><\/div>","protected":false},"excerpt":{"rendered":"<p>ROMA (ITAlPRESS) &#8211; &#8220;Mi chiedono perch\u00e8 aprire la crisi adesso. Perch\u00e8 proprio adesso si gioca il futuro del Paese. O risolviamo i punti adesso oppure condanniamo i nostri figli nel declino. Non \u00e8 facile dire queste cose, ma bisogna dire la verit\u00e0. L&#8217;Italia si sta giocando l&#8217;osso del collo. Perch\u00e8 c&#8217;\u00e8 una crisi economica e [&hellip;]<\/p>\n","protected":false},"author":2,"featured_media":52266,"comment_status":"closed","ping_status":"closed","sticky":false,"template":"","format":"standard","meta":{"ub_ctt_via":"","_mi_skip_tracking":false},"categories":[446,4],"tags":[],"featured_image_src":"https:\/\/www.messinaoggi.it\/website\/wp-content\/uploads\/2021\/01\/20210127_2566.jpg","author_info":{"display_name":"Redazione","author_link":"https:\/\/www.messinaoggi.it\/website\/author\/redazione\/"},"digistream_id":0,"digistream":false,"_links":{"self":[{"href":"https:\/\/www.messinaoggi.it\/website\/wp-json\/wp\/v2\/posts\/52265"}],"collection":[{"href":"https:\/\/www.messinaoggi.it\/website\/wp-json\/wp\/v2\/posts"}],"about":[{"href":"https:\/\/www.messinaoggi.it\/website\/wp-json\/wp\/v2\/types\/post"}],"author":[{"embeddable":true,"href":"https:\/\/www.messinaoggi.it\/website\/wp-json\/wp\/v2\/users\/2"}],"replies":[{"embeddable":true,"href":"https:\/\/www.messinaoggi.it\/website\/wp-json\/wp\/v2\/comments?post=52265"}],"version-history":[{"count":0,"href":"https:\/\/www.messinaoggi.it\/website\/wp-json\/wp\/v2\/posts\/52265\/revisions"}],"wp:featuredmedia":[{"embeddable":true,"href":"https:\/\/www.messinaoggi.it\/website\/wp-json\/wp\/v2\/media\/52266"}],"wp:attachment":[{"href":"https:\/\/www.messinaoggi.it\/website\/wp-json\/wp\/v2\/media?parent=52265"}],"wp:term":[{"taxonomy":"category","embeddable":true,"href":"https:\/\/www.messinaoggi.it\/website\/wp-json\/wp\/v2\/categories?post=52265"},{"taxonomy":"post_tag","embeddable":true,"href":"https:\/\/www.messinaoggi.it\/website\/wp-json\/wp\/v2\/tags?post=52265"}],"curies":[{"name":"wp","href":"https:\/\/api.w.org\/{rel}","templated":true}]}}