{"id":52261,"date":"2021-01-27T19:50:43","date_gmt":"2021-01-27T18:50:43","guid":{"rendered":"https:\/\/www.messinaoggi.it\/website\/?p=52261"},"modified":"2021-01-27T19:50:43","modified_gmt":"2021-01-27T18:50:43","slug":"lega-francilia-siamo-a-lavoro-per-compattare-il-centrodestra","status":"publish","type":"post","link":"https:\/\/www.messinaoggi.it\/website\/2021\/01\/27\/lega-francilia-siamo-a-lavoro-per-compattare-il-centrodestra\/","title":{"rendered":"Lega, Francilia: &quot;Siamo a lavoro per compattare il Centrodestra&quot;"},"content":{"rendered":"<p>&#8220;Abbiamo di fronte a noi un biennio di importanti appuntamenti elettorali nei comuni siciliani, il nostro sforzo non sar\u00e0 solo quello di rafforzare la Lega ma anche quello di unire il Centrodestra\u201d lo afferma Matteo Francilia, neo responsabile enti locali della Lega Salvini Premier in Sicilia.<br \/>\nFrancilia, che \u00e8 sindaco di Furci Siculo in provincia di Messina ed ha ricevuto dal segretario regionale del Carroccio Nino Minardo l\u2019incarico di responsabile enti locali del partito sottolinea che \u201cquest\u2019anno voteremo in realt\u00e0 importanti come Caltagirone, Noto, Alcamo, Capo d&#8217;Orlando e Patti e poi nel 2022 sar\u00e0 la volta di Palermo che sar\u00e0 un appuntamento di particolare rilievo non solo perch\u00e9 \u00e8 il capoluogo, ma perch\u00e9 in qualche modo la corsa per Palazzo delle Aquile prepara al voto regionale.<br \/>\nSaremo indubbiamente presenti come Lega con il nostro simbolo e facendo liste forti ma svolgendo anche un ruolo di sintesi rispetto alla coalizione di centrodestra che deve essere presente ed unita soprattutto in questi appuntamenti elettorali\u201d.<br \/>\n&#8220;Ringrazio l\u2019on. Minardo per la fiducia, sono certo che lavoreremo fianco a fianco in questa direzione con la Lega presente e radicata nei comuni e capace di essere guida e motore di una coalizione che vuole candidarsi a guidare le citt\u00e0 siciliane e la Regione&#8221;.<div id=\"div-gpt-ad-Messinaoggi.it-DSK-300x250-corpoart\" style=\"text-align:center;margin:0 auto;\"><\/div><\/p>\n<div id=\"videoincontent\" style=\"clear:both\";><\/div>","protected":false},"excerpt":{"rendered":"<p>&#8220;Abbiamo di fronte a noi un biennio di importanti appuntamenti elettorali nei comuni siciliani, il nostro sforzo non sar\u00e0 solo quello di rafforzare la Lega ma anche quello di unire il Centrodestra\u201d lo afferma Matteo Francilia, neo responsabile enti locali della Lega Salvini Premier in Sicilia. Francilia, che \u00e8 sindaco di Furci Siculo in provincia [&hellip;]<\/p>\n","protected":false},"author":4,"featured_media":52262,"comment_status":"closed","ping_status":"closed","sticky":false,"template":"","format":"standard","meta":{"ub_ctt_via":"","_mi_skip_tracking":false},"categories":[4],"tags":[],"featured_image_src":"https:\/\/www.messinaoggi.it\/website\/wp-content\/uploads\/2021\/01\/IMG-20210127-WA0020.jpg","author_info":{"display_name":"redme","author_link":"https:\/\/www.messinaoggi.it\/website\/author\/redme\/"},"digistream_id":0,"digistream":false,"_links":{"self":[{"href":"https:\/\/www.messinaoggi.it\/website\/wp-json\/wp\/v2\/posts\/52261"}],"collection":[{"href":"https:\/\/www.messinaoggi.it\/website\/wp-json\/wp\/v2\/posts"}],"about":[{"href":"https:\/\/www.messinaoggi.it\/website\/wp-json\/wp\/v2\/types\/post"}],"author":[{"embeddable":true,"href":"https:\/\/www.messinaoggi.it\/website\/wp-json\/wp\/v2\/users\/4"}],"replies":[{"embeddable":true,"href":"https:\/\/www.messinaoggi.it\/website\/wp-json\/wp\/v2\/comments?post=52261"}],"version-history":[{"count":0,"href":"https:\/\/www.messinaoggi.it\/website\/wp-json\/wp\/v2\/posts\/52261\/revisions"}],"wp:featuredmedia":[{"embeddable":true,"href":"https:\/\/www.messinaoggi.it\/website\/wp-json\/wp\/v2\/media\/52262"}],"wp:attachment":[{"href":"https:\/\/www.messinaoggi.it\/website\/wp-json\/wp\/v2\/media?parent=52261"}],"wp:term":[{"taxonomy":"category","embeddable":true,"href":"https:\/\/www.messinaoggi.it\/website\/wp-json\/wp\/v2\/categories?post=52261"},{"taxonomy":"post_tag","embeddable":true,"href":"https:\/\/www.messinaoggi.it\/website\/wp-json\/wp\/v2\/tags?post=52261"}],"curies":[{"name":"wp","href":"https:\/\/api.w.org\/{rel}","templated":true}]}}