{"id":52255,"date":"2021-01-27T19:21:37","date_gmt":"2021-01-27T18:21:37","guid":{"rendered":"https:\/\/www.messinaoggi.it\/website\/?p=52255"},"modified":"2021-01-27T19:21:37","modified_gmt":"2021-01-27T18:21:37","slug":"motori-sulla-pista-di-villasmundo-la-prima-prova-del-campionato-regionale-karting","status":"publish","type":"post","link":"https:\/\/www.messinaoggi.it\/website\/2021\/01\/27\/motori-sulla-pista-di-villasmundo-la-prima-prova-del-campionato-regionale-karting\/","title":{"rendered":"MOTORI &#8211; Sulla pista di Villasmundo la prima prova del campionato regionale karting"},"content":{"rendered":"<h6><em><strong>Al via la stagione motoristica siciliana. <\/strong><strong>Domenica 31 Gennaio, a Melilli, in provincia di Siracusa, la prima prova del campionato regionale Aci Sport Karting. Si preannuncia un anno avvincente con importanti novit\u00e0<\/strong><\/em><\/h6>\n<p> <div id=\"div-gpt-ad-Messinaoggi.it-DSK-300x250-corpoart\" style=\"text-align:center;margin:0 auto;\"><\/div><\/p>\n<p style=\"text-align: justify\">Saranno i mini bolidi a quattro ruote ad aprire la stagione delle corse 2021 con la prima prova del Campionato regionale karting, in programma il prossimo weekend sulla Pista del Sole di Villasmundo.<div id=\"videoincontent\" style=\"clear:both\";><\/div><\/p>\n<p style=\"text-align: justify\">C\u2019\u00e8 grande attesa nell\u2019ambiente per alcuni cambiamenti che caratterizzeranno il nuovo anno, primo fra tutti l\u2019istituzione della Finale Nazionale dei Campionati Regionali, riservata a coloro che si sono impegnati nelle loro serie di zona.<\/p>\n<p style=\"text-align: justify\">Per il 2021 l\u2019importante manifestazione \u00e8 fissata nel weekend del 10 ottobre sulla Pista Salentina di Ugento (Lecce) e avr\u00e0 il supporto mediatico delle gare di Campionato italiano, comprese le dirette TV e Streaming. La gara sar\u00e0 aperta alle categorie KZ2, MINI Gr.3, 60 Mini, KZN Junior Under e Over, IAME X30 Junior e X30 Senior, e assegner\u00e0 i titoli nazionali per ogni categoria e avr\u00e0 validit\u00e0 anche per il titolo a Squadre Regionali.<\/p>\n<p style=\"text-align: justify\">Alla Finale per ogni categoria \u00e8 assegnato il punteggio per le prime 10 posizioni, da 20 punti al primo classificato a scalare fino al decimo classificato. Per ogni categoria, i punteggi dei due migliori piloti classificati di ogni Regione saranno sommati, e il miglior punteggio determiner\u00e0 la squadra vincitrice del Campionato Italiano per Squadre Regionali. L\u2019iscrizione sar\u00e0 gratuita, per partecipavi sar\u00e0 necessario aver preso parte ad almeno 3 prove della propria zona.<\/p>\n<p><img loading=\"lazy\" class=\" wp-image-52257 alignright\" src=\"https:\/\/www.messinaoggi.it\/website\/wp-content\/uploads\/2021\/01\/Locandina-Melilli-200x300.jpeg\" alt=\"\" width=\"323\" height=\"485\" \/><\/p>\n<p style=\"text-align: justify\">Nel 2021 nelle prove dei Campionati Regionali il punteggio sar\u00e0 assegnato anche in Prefinale alle prime 10 posizioni (da 15 punti a scalare), oltre alle prime 10 posizioni della Finale (da 20 punti a scalare).<\/p>\n<p style=\"text-align: justify\">La parte logistica organizzativa del Campionato Regionale sar\u00e0 curata dall\u2019esperto Staff di Karting Sicilia, per 10 tappe mentre Promoter Kinisia organizzer\u00e0 la prova sull\u2019omonimo circuito, entrambi i sodalizi lavoreranno in sinergia con i gestori delle piste sotto l\u2019attenta vigilanza della delegazione ACI SPORT.<\/p>\n<p style=\"text-align: justify\">Saranno 11 gli appuntamenti siciliani. Dopo la gara inaugurale di Melilli, il calendario del Campionato Siciliano prevede, la tappa agrigentina di Eraclea Minoa il 14 Febbraio. Il 7 Marzo appuntamento in provincia di Ragusa, sul Circuito Vincenza di Ispica, mentre l\u201911 Aprile il \u201ccircus\u201d far\u00e0 tappa nel trapanese a Triscina.<\/p>\n<p style=\"text-align: justify\">Si rimane in provincia di Trapani nel week end del 2 maggio al Kartodromo di Kinisia. Il 16 maggio e il 13 giugno si torna in provincia di Ragusa rispettivamente a Vittoria e nuovamente a Ispica. Il secondo appuntamento a Triscina \u00e8 previsto il 27 Giugno, mentre la provincia ennese \u00e8 rappresentata con i due round consecutivi di Villarosa del 18 Luglio e del 5 Settembre.<\/p>\n<p style=\"text-align: justify\">Chiusura il 26 Settembre di nuovo a Melilli dove gi\u00e0 sono cominciati i test, con grandissima partecipazione di piloti, in vista dell\u2019imminente impegno, che li\u00a0\u00a0vedr\u00e0 protagonisti. Fra essi molti campioni della scorsa stagione, subito a caccia di punti importanti e alcuni \u201cdriver\u201d in allenamento per i futuri impegni nazionali e internazionali.<\/p>\n<p style=\"text-align: justify\">La manifestazione entrer\u00e0 nel vivo sabato 30 gennaio con le prove libere; domenica 24 in mattinata dopo un ulteriore turno di rifinitura sono in programma le qualifiche e le pre finali.\u00a0\u00a0A seguire le Finali e la cerimonia di premiazione.<\/p>\n<p style=\"text-align: justify\">L\u2019evento si svolger\u00e0 a porte chiuse, secondo le norme in vigore dell\u2019ultimo DPCM, al fine di garantire la sicurezza di tutti i partecipanti. Gli appassionati potranno seguire tutte le gare\u00a0\u00a0in diretta streaming gare\u00a0\u00a0su\u00a0<a href=\"http:\/\/www.kartingsicilia.com\/\">www.kartingsicilia.com<\/a>\u00a0e sulla pagina Facebook del sito.<\/p>\n<p style=\"text-align: justify\">\n","protected":false},"excerpt":{"rendered":"<p>Al via la stagione motoristica siciliana. Domenica 31 Gennaio, a Melilli, in provincia di Siracusa, la prima prova del campionato regionale Aci Sport Karting. Si preannuncia un anno avvincente con importanti novit\u00e0 Saranno i mini bolidi a quattro ruote ad aprire la stagione delle corse 2021 con la prima prova del Campionato regionale karting, in [&hellip;]<\/p>\n","protected":false},"author":17,"featured_media":52256,"comment_status":"closed","ping_status":"closed","sticky":false,"template":"","format":"standard","meta":{"ub_ctt_via":"","_mi_skip_tracking":false},"categories":[8,9],"tags":[508],"featured_image_src":"https:\/\/www.messinaoggi.it\/website\/wp-content\/uploads\/2021\/01\/Start-Melilli-2020-1.jpeg","author_info":{"display_name":"Giuseppe Luppino","author_link":"https:\/\/www.messinaoggi.it\/website\/author\/g-luppino\/"},"digistream_id":0,"digistream":false,"_links":{"self":[{"href":"https:\/\/www.messinaoggi.it\/website\/wp-json\/wp\/v2\/posts\/52255"}],"collection":[{"href":"https:\/\/www.messinaoggi.it\/website\/wp-json\/wp\/v2\/posts"}],"about":[{"href":"https:\/\/www.messinaoggi.it\/website\/wp-json\/wp\/v2\/types\/post"}],"author":[{"embeddable":true,"href":"https:\/\/www.messinaoggi.it\/website\/wp-json\/wp\/v2\/users\/17"}],"replies":[{"embeddable":true,"href":"https:\/\/www.messinaoggi.it\/website\/wp-json\/wp\/v2\/comments?post=52255"}],"version-history":[{"count":0,"href":"https:\/\/www.messinaoggi.it\/website\/wp-json\/wp\/v2\/posts\/52255\/revisions"}],"wp:featuredmedia":[{"embeddable":true,"href":"https:\/\/www.messinaoggi.it\/website\/wp-json\/wp\/v2\/media\/52256"}],"wp:attachment":[{"href":"https:\/\/www.messinaoggi.it\/website\/wp-json\/wp\/v2\/media?parent=52255"}],"wp:term":[{"taxonomy":"category","embeddable":true,"href":"https:\/\/www.messinaoggi.it\/website\/wp-json\/wp\/v2\/categories?post=52255"},{"taxonomy":"post_tag","embeddable":true,"href":"https:\/\/www.messinaoggi.it\/website\/wp-json\/wp\/v2\/tags?post=52255"}],"curies":[{"name":"wp","href":"https:\/\/api.w.org\/{rel}","templated":true}]}}