{"id":52244,"date":"2021-01-27T17:41:58","date_gmt":"2021-01-27T16:41:58","guid":{"rendered":"https:\/\/www.messinaoggi.it\/website\/?p=52244"},"modified":"2021-01-27T17:41:58","modified_gmt":"2021-01-27T16:41:58","slug":"caso-asp-tripodi-e-calapai-diventata-il-porto-delle-nebbie-la-paglia-va-subito-rimosso","status":"publish","type":"post","link":"https:\/\/www.messinaoggi.it\/website\/2021\/01\/27\/caso-asp-tripodi-e-calapai-diventata-il-porto-delle-nebbie-la-paglia-va-subito-rimosso\/","title":{"rendered":"Caso-Asp, Tripodi e Calapai: &quot;Diventata il porto delle nebbie, La Paglia va subito rimosso&quot;"},"content":{"rendered":"<div dir=\"auto\" style=\"text-align: justify;\">\u201cL\u2019Asp di Messina sembra essere diventata &#8216;Il grande porto delle Nebbie&#8217;, metafora di tristissima memoria nella storia del nostro Paese. Infatti, appare alquanto inquietante quanto apparso sugli organi di stampa in merito all\u2019ormai famoso appalto di ben 10 milioni di euro che ha portato alla sospensione della Direttrice Amministrativa \u201crea\u201d di essersi giustamente rifiutata di firmare l\u2019atto deliberativo che, come acclarato, sarebbe stato adottato in palese violazione di legge. Finalmente, grazie alla formale denuncia effettuata dalla Direttrice Amministrativa, attualmente sospesa dall\u2019incarico da parte del Direttore Generale dell\u2019Asp di Messina, questa scabrosa vicenda sta emergendo nella sua enorme gravit\u00e0 ed evidenzia, ancora una volta, la macroscopica inadeguatezza amministrativa del direttore generale La Paglia\u201d.<\/div>\n<div dir=\"auto\"><img loading=\"lazy\" class=\"size-medium wp-image-43345 alignleft\" src=\"https:\/\/www.messinaoggi.it\/website\/wp-content\/uploads\/2020\/05\/Uil-Tripodi-Calapai-300x200.jpg\" alt=\"\" width=\"300\" height=\"200\" \/><\/div>\n<div dir=\"auto\" style=\"text-align: justify;\">Lo dichiarano in una nota stampa <strong>Ivan Tripodi<\/strong>, segretario generale Uil Messina, e <strong>Pippo Calapai<\/strong>, segretario generale Uil Fpl.<\/div>\n<div dir=\"auto\" style=\"text-align: justify;\">\u201cDobbiamo dirla tutta, la gestione La Paglia \u00e8 stata completamente fallimentare ed \u00e8 stata caratterizzata da tutta una serie di episodi gravissimi che hanno messo e ancora oggi mettono seriamente a rischio la salute pubblica. Un breve excursus: in primis \u00e8 necessario ribadire l\u2019assoluta inadeguatezza dimostrata nella gestione della pandemia ed \u00e8 giusto rammentare la triste vicenda della Casa di Riposo \u201cCome d\u2019Incanto\u201d, dove, per gravissime inadempienze dell\u2019Asp di Messina, sono morti decine di sfortunati ospiti; ancora, il ben noto caso dei posti letto fantasma di terapia intensiva Covid presso il presidio ospedaliero di Barcellona Pozzo di Gotto, nel quale sono stati noleggiati n. 10 letti di terapia intensiva che non sono mai stati messi in funzione provocando un colossale sperpero di denaro pubblico. Quest\u2019ultimo \u00e8 stato un caso portato alla ribalta dei media nazionali grazie alla puntuale denuncia della Uil e della Uil Fpl\u201d hanno proseguito i due sindacalisti.<\/div>\n<div dir=\"auto\" style=\"text-align: justify;\">\u201cAnche in altri presidi ospedalieri della provincia di Messina abbiamo assistito a falsi posti letto di terapia intensiva mai messi in funzione e, inoltre, \u00e8 doveroso ricordare la mancata attivazione delle Risonanze Magnetiche nei presidi ospedalieri di Patti e Sant\u2019Agata Militello, la chiusura del punto nascita del presidio ospedaliero di S. Agata Militello nel complice silenzio della politica con gravissimi danni e nefaste conseguenze per i cittadini utenti. Tutte queste pesanti inadempienze, nessuna esclusa, le abbiamo dettagliatamente denunciate alla Corte dei Conti. Oltre ai citati eclatanti casi, vale la pena ricordare le inspiegabili mancate stabilizzazioni di due dipendenti dell\u2019Asp nei ruoli della Dirigenza delle Professioni Infermieristiche, nonostante fossero in possesso dei requisiti previsti dalla Legge Madia. Contestualmente altri lavoratori che si trovavano nelle medesime condizioni sono stati stabilizzati. Come mai questa lampante disparit\u00e0 di trattamento? Cosa si nasconde dietro questa decisione indubbiamente arbitraria? Inoltre, \u00e8 bene ricordare alcuni brillanti professionisti, come il dott. Paolo Calabr\u00f2 e la dott.ssa Felicia Laquidara, nei fatti puniti per avere dimostrato autonomia e schiena dritta nell\u2019esercizio delle loro funzioni. Insomma, l\u2019elenco dei disastri provocati \u00e8 drammaticamente infinito e per non tediare ulteriormente ci fermiamo qua! A questo punto, per\u00f2, ci chiediamo: cosa fa l\u2019assessore regionale alla Salute avv. Ruggero Razza e perch\u00e9 non decide la rimozione di La Paglia? Perch\u00e9 non viene pubblicata la relazione della Commissione Regionale d\u2019inchiesta sull\u2019Asp? Al netto delle insulse e patetiche sceneggiate del sindaco di Messina De Luca, nessuno, oggettivamente, riesce a comprendere l\u2019atteggiamento del Presidente della Regione Siciliana on. Nello Musumeci e dell\u2019Assessore Ruggero Razza. Pertanto, ribadiamo che La Paglia \u00e8 ormai incompatibile con il ruolo di direttore generale dell\u2019Asp di Messina\u201d hanno concluso Ivan Tripodi, segretario generale Uil Messina, e Pippo Calapai, segretario generale Uil Fpl.<\/div>\n<div id=\"div-gpt-ad-Messinaoggi.it-DSK-300x250-corpoart\" style=\"text-align:center;margin:0 auto;\"><\/div><\/p><div id=\"videoincontent\" style=\"clear:both\";><\/div>","protected":false},"excerpt":{"rendered":"<p>\u201cL\u2019Asp di Messina sembra essere diventata &#8216;Il grande porto delle Nebbie&#8217;, metafora di tristissima memoria nella storia del nostro Paese. Infatti, appare alquanto inquietante quanto apparso sugli organi di stampa in merito all\u2019ormai famoso appalto di ben 10 milioni di euro che ha portato alla sospensione della Direttrice Amministrativa \u201crea\u201d di essersi giustamente rifiutata di [&hellip;]<\/p>\n","protected":false},"author":2,"featured_media":2164,"comment_status":"closed","ping_status":"closed","sticky":false,"template":"","format":"standard","meta":{"ub_ctt_via":"","_mi_skip_tracking":false},"categories":[19,6],"tags":[],"featured_image_src":"https:\/\/www.messinaoggi.it\/website\/wp-content\/uploads\/2017\/06\/Asp-Messina-2.jpg","author_info":{"display_name":"Redazione","author_link":"https:\/\/www.messinaoggi.it\/website\/author\/redazione\/"},"digistream_id":0,"digistream":false,"_links":{"self":[{"href":"https:\/\/www.messinaoggi.it\/website\/wp-json\/wp\/v2\/posts\/52244"}],"collection":[{"href":"https:\/\/www.messinaoggi.it\/website\/wp-json\/wp\/v2\/posts"}],"about":[{"href":"https:\/\/www.messinaoggi.it\/website\/wp-json\/wp\/v2\/types\/post"}],"author":[{"embeddable":true,"href":"https:\/\/www.messinaoggi.it\/website\/wp-json\/wp\/v2\/users\/2"}],"replies":[{"embeddable":true,"href":"https:\/\/www.messinaoggi.it\/website\/wp-json\/wp\/v2\/comments?post=52244"}],"version-history":[{"count":0,"href":"https:\/\/www.messinaoggi.it\/website\/wp-json\/wp\/v2\/posts\/52244\/revisions"}],"wp:featuredmedia":[{"embeddable":true,"href":"https:\/\/www.messinaoggi.it\/website\/wp-json\/wp\/v2\/media\/2164"}],"wp:attachment":[{"href":"https:\/\/www.messinaoggi.it\/website\/wp-json\/wp\/v2\/media?parent=52244"}],"wp:term":[{"taxonomy":"category","embeddable":true,"href":"https:\/\/www.messinaoggi.it\/website\/wp-json\/wp\/v2\/categories?post=52244"},{"taxonomy":"post_tag","embeddable":true,"href":"https:\/\/www.messinaoggi.it\/website\/wp-json\/wp\/v2\/tags?post=52244"}],"curies":[{"name":"wp","href":"https:\/\/api.w.org\/{rel}","templated":true}]}}