{"id":52207,"date":"2021-01-27T07:46:45","date_gmt":"2021-01-27T06:46:45","guid":{"rendered":"https:\/\/www.messinaoggi.it\/website\/?p=52207"},"modified":"2021-01-27T07:46:45","modified_gmt":"2021-01-27T06:46:45","slug":"malago-da-oggi-coni-assolutamente-indipendente","status":"publish","type":"post","link":"https:\/\/www.messinaoggi.it\/website\/2021\/01\/27\/malago-da-oggi-coni-assolutamente-indipendente\/","title":{"rendered":"Malag\u00f2 \u201cDa oggi Coni assolutamente indipendente\u201d"},"content":{"rendered":"<div>ROMA (ITALPRESS) &#8211; &#8220;Anche se all&#8217;ultimo secondo dei tempi supplementari, siamo riusciti a chiarire che il Coni da oggi \u00e8 assolutamente un ente pubblico indipendente&#8221;. Lo ha dichiarato il presidente del Coni, Giovanni Malag\u00f2, commentando nel corso di una conferenza stampa il decreto legge approvato dal Governo per ristabilire l&#8217;autonomia del Coni e allontanare il rischio di sanzioni da parte del Cio. &#8220;Non mi sono mai sentito solo. Ogni giorno dirigenti, atleti e tecnici mi sono stati vicini, il mondo dello sport non \u00e8 mai stato cos\u00ec compatto. Voglio ringraziare tutti loro per la vicinanza. Il presidente Bach mi ha espresso la sua felicit\u00e0, la situazione stava diventando imbarazzante per tutti, anche per il Cio, nei confronti di un Paese come l&#8217;Italia che ha sempre partecipato alle manifestazioni olimpiche&#8221; ha detto Malag\u00f2. &#8220;Le istituzioni in questi giorni sono state vicine al Coni. Anche il Governo sul filo di lana, all&#8217;ultimo secondo, ha tenuto conto delle problematiche, convocando un Consiglio dei ministri per risolvere la questione dell&#8217;autonomia e mettere fine al calvario, a quella che ho definito una via crucis. Tutti hanno fatto la propria parte. Da oggi lavoreremo insieme con tutti, con le istituzioni e con la societ\u00e0 Sport e Salute, ma siamo entit\u00e0 diverse&#8221;.<br \/>\n(ITALPRESS).<\/div>\n<div id=\"div-gpt-ad-Messinaoggi.it-DSK-300x250-corpoart\" style=\"text-align:center;margin:0 auto;\"><\/div><\/p><div id=\"videoincontent\" style=\"clear:both\";><\/div>","protected":false},"excerpt":{"rendered":"<p>ROMA (ITALPRESS) &#8211; &#8220;Anche se all&#8217;ultimo secondo dei tempi supplementari, siamo riusciti a chiarire che il Coni da oggi \u00e8 assolutamente un ente pubblico indipendente&#8221;. Lo ha dichiarato il presidente del Coni, Giovanni Malag\u00f2, commentando nel corso di una conferenza stampa il decreto legge approvato dal Governo per ristabilire l&#8217;autonomia del Coni e allontanare il [&hellip;]<\/p>\n","protected":false},"author":2,"featured_media":52208,"comment_status":"closed","ping_status":"closed","sticky":false,"template":"","format":"standard","meta":{"ub_ctt_via":"","_mi_skip_tracking":false},"categories":[446,9],"tags":[],"featured_image_src":"https:\/\/www.messinaoggi.it\/website\/wp-content\/uploads\/2021\/01\/20210126_2414.jpg","author_info":{"display_name":"Redazione","author_link":"https:\/\/www.messinaoggi.it\/website\/author\/redazione\/"},"digistream_id":0,"digistream":false,"_links":{"self":[{"href":"https:\/\/www.messinaoggi.it\/website\/wp-json\/wp\/v2\/posts\/52207"}],"collection":[{"href":"https:\/\/www.messinaoggi.it\/website\/wp-json\/wp\/v2\/posts"}],"about":[{"href":"https:\/\/www.messinaoggi.it\/website\/wp-json\/wp\/v2\/types\/post"}],"author":[{"embeddable":true,"href":"https:\/\/www.messinaoggi.it\/website\/wp-json\/wp\/v2\/users\/2"}],"replies":[{"embeddable":true,"href":"https:\/\/www.messinaoggi.it\/website\/wp-json\/wp\/v2\/comments?post=52207"}],"version-history":[{"count":0,"href":"https:\/\/www.messinaoggi.it\/website\/wp-json\/wp\/v2\/posts\/52207\/revisions"}],"wp:featuredmedia":[{"embeddable":true,"href":"https:\/\/www.messinaoggi.it\/website\/wp-json\/wp\/v2\/media\/52208"}],"wp:attachment":[{"href":"https:\/\/www.messinaoggi.it\/website\/wp-json\/wp\/v2\/media?parent=52207"}],"wp:term":[{"taxonomy":"category","embeddable":true,"href":"https:\/\/www.messinaoggi.it\/website\/wp-json\/wp\/v2\/categories?post=52207"},{"taxonomy":"post_tag","embeddable":true,"href":"https:\/\/www.messinaoggi.it\/website\/wp-json\/wp\/v2\/tags?post=52207"}],"curies":[{"name":"wp","href":"https:\/\/api.w.org\/{rel}","templated":true}]}}