{"id":52176,"date":"2021-01-26T08:02:17","date_gmt":"2021-01-26T07:02:17","guid":{"rendered":"https:\/\/www.messinaoggi.it\/website\/?p=52176"},"modified":"2021-01-26T08:02:17","modified_gmt":"2021-01-26T07:02:17","slug":"crisi-di-governo-domani-le-dimissioni-di-conte","status":"publish","type":"post","link":"https:\/\/www.messinaoggi.it\/website\/2021\/01\/26\/crisi-di-governo-domani-le-dimissioni-di-conte\/","title":{"rendered":"Crisi di Governo, stamattina le dimissioni di Conte"},"content":{"rendered":"<div>ROMA (ITALPRESS) &#8211; E&#8217; convocato per questa mattina alle ore 9 il Consiglio dei Ministri nel corso del quale il presidente del Consiglio, Giuseppe Conte, comunicher\u00e0 ai ministri la volont\u00e0 di recarsi al Quirinale per rassegnare le sue dimissioni. A seguire, il premier si recher\u00e0 dal presidente della Repubblica, Sergio Mattarella. Lo rende noto Palazzo Chigi.<br \/>\n(ITALPRESS).<\/div>\n<div id=\"div-gpt-ad-Messinaoggi.it-DSK-300x250-corpoart\" style=\"text-align:center;margin:0 auto;\"><\/div><\/p><div id=\"videoincontent\" style=\"clear:both\";><\/div>","protected":false},"excerpt":{"rendered":"<p>ROMA (ITALPRESS) &#8211; E&#8217; convocato per questa mattina alle ore 9 il Consiglio dei Ministri nel corso del quale il presidente del Consiglio, Giuseppe Conte, comunicher\u00e0 ai ministri la volont\u00e0 di recarsi al Quirinale per rassegnare le sue dimissioni. A seguire, il premier si recher\u00e0 dal presidente della Repubblica, Sergio Mattarella. Lo rende noto Palazzo [&hellip;]<\/p>\n","protected":false},"author":2,"featured_media":52177,"comment_status":"closed","ping_status":"closed","sticky":false,"template":"","format":"standard","meta":{"ub_ctt_via":"","_mi_skip_tracking":false},"categories":[446,4],"tags":[],"featured_image_src":"https:\/\/www.messinaoggi.it\/website\/wp-content\/uploads\/2021\/01\/20210125_2624.jpg","author_info":{"display_name":"Redazione","author_link":"https:\/\/www.messinaoggi.it\/website\/author\/redazione\/"},"digistream_id":0,"digistream":false,"_links":{"self":[{"href":"https:\/\/www.messinaoggi.it\/website\/wp-json\/wp\/v2\/posts\/52176"}],"collection":[{"href":"https:\/\/www.messinaoggi.it\/website\/wp-json\/wp\/v2\/posts"}],"about":[{"href":"https:\/\/www.messinaoggi.it\/website\/wp-json\/wp\/v2\/types\/post"}],"author":[{"embeddable":true,"href":"https:\/\/www.messinaoggi.it\/website\/wp-json\/wp\/v2\/users\/2"}],"replies":[{"embeddable":true,"href":"https:\/\/www.messinaoggi.it\/website\/wp-json\/wp\/v2\/comments?post=52176"}],"version-history":[{"count":0,"href":"https:\/\/www.messinaoggi.it\/website\/wp-json\/wp\/v2\/posts\/52176\/revisions"}],"wp:featuredmedia":[{"embeddable":true,"href":"https:\/\/www.messinaoggi.it\/website\/wp-json\/wp\/v2\/media\/52177"}],"wp:attachment":[{"href":"https:\/\/www.messinaoggi.it\/website\/wp-json\/wp\/v2\/media?parent=52176"}],"wp:term":[{"taxonomy":"category","embeddable":true,"href":"https:\/\/www.messinaoggi.it\/website\/wp-json\/wp\/v2\/categories?post=52176"},{"taxonomy":"post_tag","embeddable":true,"href":"https:\/\/www.messinaoggi.it\/website\/wp-json\/wp\/v2\/tags?post=52176"}],"curies":[{"name":"wp","href":"https:\/\/api.w.org\/{rel}","templated":true}]}}