{"id":52170,"date":"2021-01-26T08:03:27","date_gmt":"2021-01-26T07:03:27","guid":{"rendered":"https:\/\/www.messinaoggi.it\/website\/?p=52170"},"modified":"2021-01-26T08:03:27","modified_gmt":"2021-01-26T07:03:27","slug":"conte-il-milan-non-e-solo-ibra-serve-uninter-cinica","status":"publish","type":"post","link":"https:\/\/www.messinaoggi.it\/website\/2021\/01\/26\/conte-il-milan-non-e-solo-ibra-serve-uninter-cinica\/","title":{"rendered":"Conte \u201cIl Milan non \u00e8 solo Ibra, serve un\u2019Inter cinica\u201d"},"content":{"rendered":"<div>MILANO (ITALPRESS) &#8211; &#8220;Al di l\u00e0 del punto di vista psicologico, \u00a0c&#8217;\u00e8 in palio un passaggio del turno, che \u00e8 la cosa pi\u00f9 importante, in una competizione per la quale abbiamo massimo rispetto&#8221;. Antonio Conte mette da parte il duello di campionato e si concentra esclusivamente sul derby di domani che assegna un posto nelle semifinali di Coppa Italia. Nell&#8217;unica stracittadina giocata in questa stagione, lo scorso ottobre, ebbero la meglio i rossoneri per 2-1. &#8220;Ci siamo ritrovati sotto 2-0 &#8211; ricorda Conte ai microfoni di Rai Sport, riferendosi alla doppietta di Ibrahimovic nei primi 16 minuti &#8211; Domani dobbiamo essere molto pi\u00f9 cinici, determinati, decisivi quando si va in zona gol. Ibra? Bisogna fare una grande prova di squadra, \u00e8 un giocatore importante per il Milan ma il Milan non \u00e8 solo Ibra&#8221;. E davanti Conte si aspetta che Lukaku e Lautaro tornino a segnare dopo essere rimasti a secco nelle ultime gare. &#8220;Ci sono momenti pi\u00f9 fortunati e altri meno fortunati, l&#8217;importante \u00e8 che ci sia grande partecipazione e grande abnegazione, e da parte loro c&#8217;\u00e8 sempre&#8221;.<br \/>\n(ITALPRESS).<\/div>\n<div id=\"div-gpt-ad-Messinaoggi.it-DSK-300x250-corpoart\" style=\"text-align:center;margin:0 auto;\"><\/div><\/p><div id=\"videoincontent\" style=\"clear:both\";><\/div>","protected":false},"excerpt":{"rendered":"<p>MILANO (ITALPRESS) &#8211; &#8220;Al di l\u00e0 del punto di vista psicologico, \u00a0c&#8217;\u00e8 in palio un passaggio del turno, che \u00e8 la cosa pi\u00f9 importante, in una competizione per la quale abbiamo massimo rispetto&#8221;. Antonio Conte mette da parte il duello di campionato e si concentra esclusivamente sul derby di domani che assegna un posto nelle [&hellip;]<\/p>\n","protected":false},"author":2,"featured_media":52171,"comment_status":"closed","ping_status":"closed","sticky":false,"template":"","format":"standard","meta":{"ub_ctt_via":"","_mi_skip_tracking":false},"categories":[10,446,9],"tags":[],"featured_image_src":"https:\/\/www.messinaoggi.it\/website\/wp-content\/uploads\/2021\/01\/20210125_2458.jpg","author_info":{"display_name":"Redazione","author_link":"https:\/\/www.messinaoggi.it\/website\/author\/redazione\/"},"digistream_id":0,"digistream":false,"_links":{"self":[{"href":"https:\/\/www.messinaoggi.it\/website\/wp-json\/wp\/v2\/posts\/52170"}],"collection":[{"href":"https:\/\/www.messinaoggi.it\/website\/wp-json\/wp\/v2\/posts"}],"about":[{"href":"https:\/\/www.messinaoggi.it\/website\/wp-json\/wp\/v2\/types\/post"}],"author":[{"embeddable":true,"href":"https:\/\/www.messinaoggi.it\/website\/wp-json\/wp\/v2\/users\/2"}],"replies":[{"embeddable":true,"href":"https:\/\/www.messinaoggi.it\/website\/wp-json\/wp\/v2\/comments?post=52170"}],"version-history":[{"count":0,"href":"https:\/\/www.messinaoggi.it\/website\/wp-json\/wp\/v2\/posts\/52170\/revisions"}],"wp:featuredmedia":[{"embeddable":true,"href":"https:\/\/www.messinaoggi.it\/website\/wp-json\/wp\/v2\/media\/52171"}],"wp:attachment":[{"href":"https:\/\/www.messinaoggi.it\/website\/wp-json\/wp\/v2\/media?parent=52170"}],"wp:term":[{"taxonomy":"category","embeddable":true,"href":"https:\/\/www.messinaoggi.it\/website\/wp-json\/wp\/v2\/categories?post=52170"},{"taxonomy":"post_tag","embeddable":true,"href":"https:\/\/www.messinaoggi.it\/website\/wp-json\/wp\/v2\/tags?post=52170"}],"curies":[{"name":"wp","href":"https:\/\/api.w.org\/{rel}","templated":true}]}}