{"id":52053,"date":"2021-01-22T20:14:30","date_gmt":"2021-01-22T19:14:30","guid":{"rendered":"https:\/\/www.messinaoggi.it\/website\/?p=52053"},"modified":"2021-01-22T20:14:30","modified_gmt":"2021-01-22T19:14:30","slug":"policlinico-creato-reparto-di-terapia-intensiva-in-tempi-record-14-posti-in-una-notte","status":"publish","type":"post","link":"https:\/\/www.messinaoggi.it\/website\/2021\/01\/22\/policlinico-creato-reparto-di-terapia-intensiva-in-tempi-record-14-posti-in-una-notte\/","title":{"rendered":"Policlinico, creato reparto di terapia intensiva in tempi record: 14 posti in una notte"},"content":{"rendered":"<p style=\"text-align: justify;\">Ancora posti letto di terapia intensiva a beneficio della sanit\u00e0 di Messina. Al Policlinico, infatti, \u00e8 stato realizzato un nuovo reparto di terapia intensiva in tempi record: 14 posti letto in pi\u00f9 in una sola notte.<div id=\"div-gpt-ad-Messinaoggi.it-DSK-300x250-corpoart\" style=\"text-align:center;margin:0 auto;\"><\/div><\/p>\n<p style=\"text-align: justify;\">Un carico di attrezzature proveniente dai depositi dell\u2019Arnas \u201cGaribaldi\u201d di Catania \u00e8 stato inviato &#8211; all\u2019esito della riunione operativa dell\u201911 gennaio 2021 tra l\u2019Assessore regionale per la Salute, il Commissario Covid per la provincia di Messina e i Direttori delle Aziende del bacino \u2013 al Policlinico \u201cGaetano Martino\u201d di Messina.<div id=\"videoincontent\" style=\"clear:both\";><\/div><\/p>\n<p style=\"text-align: justify;\">Si tratta di strumentazioni gi\u00e0 acquisite dall\u2019ufficio speciale del Commissario straordinario per l\u2019emergenza Coronavirus, quindi nella disponibilit\u00e0 della sanit\u00e0 siciliana. Il convoglio, scortato dagli agenti del Corpo forestale della Regione \u00e8 partito dal deposito dell\u2019ospedale Garibaldi Nesima di Catania ed ha raggiunto l\u2019azienda ospedaliera messinese dove il materiale \u00e8 stato scaricato e successivamente installato.<\/p>\n<p style=\"text-align: justify;\">Al Policlinico di Messina sono cos\u00ec operativi altri 14 posti letto di terapia intensiva che potranno essere da subito impiegati in caso di necessit\u00e0<\/p>\n","protected":false},"excerpt":{"rendered":"<p>Ancora posti letto di terapia intensiva a beneficio della sanit\u00e0 di Messina. Al Policlinico, infatti, \u00e8 stato realizzato un nuovo reparto di terapia intensiva in tempi record: 14 posti letto in pi\u00f9 in una sola notte. Un carico di attrezzature proveniente dai depositi dell\u2019Arnas \u201cGaribaldi\u201d di Catania \u00e8 stato inviato &#8211; all\u2019esito della riunione operativa [&hellip;]<\/p>\n","protected":false},"author":8,"featured_media":1426,"comment_status":"closed","ping_status":"closed","sticky":false,"template":"","format":"standard","meta":{"ub_ctt_via":"","_mi_skip_tracking":false},"categories":[221,19],"tags":[],"featured_image_src":"https:\/\/www.messinaoggi.it\/website\/wp-content\/uploads\/2017\/06\/Policlinico-3.jpg","author_info":{"display_name":"red..me","author_link":"https:\/\/www.messinaoggi.it\/website\/author\/redstage\/"},"digistream_id":0,"digistream":false,"_links":{"self":[{"href":"https:\/\/www.messinaoggi.it\/website\/wp-json\/wp\/v2\/posts\/52053"}],"collection":[{"href":"https:\/\/www.messinaoggi.it\/website\/wp-json\/wp\/v2\/posts"}],"about":[{"href":"https:\/\/www.messinaoggi.it\/website\/wp-json\/wp\/v2\/types\/post"}],"author":[{"embeddable":true,"href":"https:\/\/www.messinaoggi.it\/website\/wp-json\/wp\/v2\/users\/8"}],"replies":[{"embeddable":true,"href":"https:\/\/www.messinaoggi.it\/website\/wp-json\/wp\/v2\/comments?post=52053"}],"version-history":[{"count":0,"href":"https:\/\/www.messinaoggi.it\/website\/wp-json\/wp\/v2\/posts\/52053\/revisions"}],"wp:featuredmedia":[{"embeddable":true,"href":"https:\/\/www.messinaoggi.it\/website\/wp-json\/wp\/v2\/media\/1426"}],"wp:attachment":[{"href":"https:\/\/www.messinaoggi.it\/website\/wp-json\/wp\/v2\/media?parent=52053"}],"wp:term":[{"taxonomy":"category","embeddable":true,"href":"https:\/\/www.messinaoggi.it\/website\/wp-json\/wp\/v2\/categories?post=52053"},{"taxonomy":"post_tag","embeddable":true,"href":"https:\/\/www.messinaoggi.it\/website\/wp-json\/wp\/v2\/tags?post=52053"}],"curies":[{"name":"wp","href":"https:\/\/api.w.org\/{rel}","templated":true}]}}