{"id":52036,"date":"2021-01-23T19:30:26","date_gmt":"2021-01-23T18:30:26","guid":{"rendered":"https:\/\/www.messinaoggi.it\/website\/?p=52036"},"modified":"2021-01-23T19:30:26","modified_gmt":"2021-01-23T18:30:26","slug":"nuoto-power-team-messina-entusiasta-per-la-nuova-stagione-agonistica","status":"publish","type":"post","link":"https:\/\/www.messinaoggi.it\/website\/2021\/01\/23\/nuoto-power-team-messina-entusiasta-per-la-nuova-stagione-agonistica\/","title":{"rendered":"NUOTO &#8211; Power Team Messina entusiasta per la nuova stagione agonistica"},"content":{"rendered":"<h6><em><strong>Gli impianti di Patern\u00f2 per la zona orientale e Palermo per quella occidentale ospiteranno, domenica 24 gennaio, il primo appuntamento del campionato italiano di categoria su base regionale in vasca corta, che riguarder\u00e0: Ragazzi, Junior, Cadetti e Senior<\/strong><\/em><\/h6>\n<p> <div id=\"div-gpt-ad-Messinaoggi.it-DSK-300x250-corpoart\" style=\"text-align:center;margin:0 auto;\"><\/div><\/p>\n<p style=\"text-align: justify\">La Power Team Messina \u00e8 pronta per l\u2019inizio della nuova stagione natatoria siciliana. Gli impianti di Patern\u00f2 per la zona orientale e Palermo per quella occidentale ospiteranno, domenica 24 gennaio, il primo appuntamento del Campionato Italiano di categoria su base regionale in vasca corta, che riguarder\u00e0: <em>Ragazzi, Junior, Cadetti e Senior.<\/em><div id=\"videoincontent\" style=\"clear:both\";><\/div><\/p>\n<p style=\"text-align: justify\">Il bis \u00e8 fissato il 31 gennaio, sempre nelle stesse sedi. Al termine delle tre tappe in calendario, verr\u00e0 stilata una graduatoria generale, che determiner\u00e0 la classifica per singole prove e a livello societario.<\/p>\n<p style=\"text-align: justify\">La Fin e le squadre si sono spese, in queste settimane, per semplificare logistica e organizzazione degli eventi, garantendo l\u2019osservanza del protocollo e l\u2019obbligatoriet\u00e0 dei tamponi. Al di l\u00e0 della formula adottata e delle perduranti problematiche legate al covid-19, si tratta dell\u2019atteso ritorno alle gare per numerosi nuotatori, che rivivranno, cos\u00ec, le piacevoli sensazioni agonistiche.<\/p>\n<div id=\"attachment_52037\" style=\"width: 307px\" class=\"wp-caption alignright\"><img aria-describedby=\"caption-attachment-52037\" loading=\"lazy\" class=\" wp-image-52037\" src=\"https:\/\/www.messinaoggi.it\/website\/wp-content\/uploads\/2021\/01\/Luca-Bombaci-tecnico-POWER-TEAM-197x300.jpg\" alt=\"\" width=\"297\" height=\"452\" \/><p id=\"caption-attachment-52037\" class=\"wp-caption-text\"><em><strong>Luca Bombaci, Tecnico Power Team<\/strong><\/em><\/p><\/div>\n<p style=\"text-align: justify\">Nella piscina \u201cGiovanni Paolo II\u201d del comune etneo, la Power Team del presidente Alessandro Accolla si presenter\u00e0 con 20 atleti iscritti, che daranno il massimo per ben figurare. Puntano a confermarsi ai vertici siciliani Gianmarco Grif\u00f2 (50, 100 e 200 farfalla) e Riccardo Sidoti nei 100 e 200 dorso.<\/p>\n<p style=\"text-align: justify\"><em>\u201cI ragazzi hanno un\u2019enorme voglia di gareggiare<\/em> &#8211; dichiara Luca Bombaci, vicepresidente e tecnico della Power Team &#8211; <em>entusiasmo ed emozione giocheranno un ruolo importante nelle prestazioni. Da questo punto di vista, ci sono naturalmente delle incognite, poich\u00e9 la programmazione si \u00e8 dovuta adattare in questi mesi alla pandemia, ma ci\u00f2 che conta adesso \u00e8 guardare al futuro per ripartire e migliorare\u201d.<\/em><\/p>\n","protected":false},"excerpt":{"rendered":"<p>Gli impianti di Patern\u00f2 per la zona orientale e Palermo per quella occidentale ospiteranno, domenica 24 gennaio, il primo appuntamento del campionato italiano di categoria su base regionale in vasca corta, che riguarder\u00e0: Ragazzi, Junior, Cadetti e Senior La Power Team Messina \u00e8 pronta per l\u2019inizio della nuova stagione natatoria siciliana. Gli impianti di Patern\u00f2 [&hellip;]<\/p>\n","protected":false},"author":17,"featured_media":52038,"comment_status":"closed","ping_status":"closed","sticky":false,"template":"","format":"standard","meta":{"ub_ctt_via":"","_mi_skip_tracking":false},"categories":[8,9],"tags":[358,359],"featured_image_src":"https:\/\/www.messinaoggi.it\/website\/wp-content\/uploads\/2021\/01\/Allenamenti-nuotatori-POWER-TEAM-2.jpg","author_info":{"display_name":"Giuseppe Luppino","author_link":"https:\/\/www.messinaoggi.it\/website\/author\/g-luppino\/"},"digistream_id":0,"digistream":false,"_links":{"self":[{"href":"https:\/\/www.messinaoggi.it\/website\/wp-json\/wp\/v2\/posts\/52036"}],"collection":[{"href":"https:\/\/www.messinaoggi.it\/website\/wp-json\/wp\/v2\/posts"}],"about":[{"href":"https:\/\/www.messinaoggi.it\/website\/wp-json\/wp\/v2\/types\/post"}],"author":[{"embeddable":true,"href":"https:\/\/www.messinaoggi.it\/website\/wp-json\/wp\/v2\/users\/17"}],"replies":[{"embeddable":true,"href":"https:\/\/www.messinaoggi.it\/website\/wp-json\/wp\/v2\/comments?post=52036"}],"version-history":[{"count":0,"href":"https:\/\/www.messinaoggi.it\/website\/wp-json\/wp\/v2\/posts\/52036\/revisions"}],"wp:featuredmedia":[{"embeddable":true,"href":"https:\/\/www.messinaoggi.it\/website\/wp-json\/wp\/v2\/media\/52038"}],"wp:attachment":[{"href":"https:\/\/www.messinaoggi.it\/website\/wp-json\/wp\/v2\/media?parent=52036"}],"wp:term":[{"taxonomy":"category","embeddable":true,"href":"https:\/\/www.messinaoggi.it\/website\/wp-json\/wp\/v2\/categories?post=52036"},{"taxonomy":"post_tag","embeddable":true,"href":"https:\/\/www.messinaoggi.it\/website\/wp-json\/wp\/v2\/tags?post=52036"}],"curies":[{"name":"wp","href":"https:\/\/api.w.org\/{rel}","templated":true}]}}