{"id":520,"date":"2017-05-26T16:45:27","date_gmt":"2017-05-26T14:45:27","guid":{"rendered":"http:\/\/www.messinaoggi.it\/website\/?p=520"},"modified":"2017-05-26T16:45:27","modified_gmt":"2017-05-26T14:45:27","slug":"stasera-il-i-siciliani-a-palermo-domani-a-messina","status":"publish","type":"post","link":"https:\/\/www.messinaoggi.it\/website\/2017\/05\/26\/stasera-il-i-siciliani-a-palermo-domani-a-messina\/","title":{"rendered":"Stasera il &quot;I siciliani&quot; a Palermo. Domani a Messina"},"content":{"rendered":"<p>Reduce dal\u00a0 successo ottenuto \u00a0al <strong><em>62 festival internazionale del cinema di Taormina <\/em><\/strong>nel giugno scorso, e dopo l\u2019anteprima mondiale al prestigioso <strong><em>BAFTA <\/em><\/strong>di Londra a Piccadilly Circus il 12 settembre 2016, il film documentario dal titolo <strong>\u201cI SICILIANI\u201d <\/strong>scritto e diretto dal regista <strong><em>Francesco Lama<\/em><\/strong>, sar\u00e0 proiettato oggi \u00a0al <strong><em>Cinema Rouge et Noir <\/em><\/strong>di Palermo \u00a0e domani al <strong><em>Cinema Apollo <\/em><\/strong>di Messina. All\u2019evento saranno presenti \u00a0il regista e il cast del film con la partecipazione dell\u2019attrice <strong><em>Maria<\/em><\/strong> <strong><em>Grazia Cucinotta<\/em><\/strong>.<br \/>\nLa pellicola parla di un piccolo paesino al centro della Sicilia ne l quale vive un ragazzo, di nome Ignazio Bonaventura, interpretato da <strong>Antonio Emanuele<\/strong>, che <em>\u201ccampa\u201d <\/em>di lavoretti saltuari, naturalmente in nero. Iscritto \u00a0nelle liste di collocamento come perennedisoccupato. Il ragazzo decide di scrivere un libro sul popolo siciliano, inizia cos\u00ecuna grande avventura che lo porta ad intervistare il popolo siciliano e tanti personaggi noti (da <strong><em>Maria Grazia Cucinotta,<\/em> <em>Leo Gullotta Tony Sperandeo, Pietrangelo Buttafuoco e Ninni Bruschetta<\/em><\/strong>). Durante \u00a0il suo viaggio incontra diversi personaggi, dal mafioso Don Ciccu interpretato da <strong>Tony Sperandeo<\/strong>, all\u2019onorevole interpretato da <strong>Filippo Glorioso<\/strong>, e tanti altri che rappresentano in qualche modo I Siciliani. Ignazio \u00e8 convinto di poter trovare delle risposte ai tanti misteri del pensiero di questo complicato popolo per poter capire anche se stesso!<br \/>\n<em><img loading=\"lazy\" src=\"http:\/\/www.messinaoggi.eu\/uploads\/redazione\/Spettacoli\/i%20siciliani%20foto2.jpg\" alt=\"\" width=\"500\" height=\"375\" \/><\/em><br \/>\n<em>Si tratta dunque di un lungo viaggio che attraversa la Sicilia, caratterizzata da vari dialetti e da \u00a0molteplici paesaggi che variano di continuo senza sosta; ed \u00e8 proprio l\u00ec, attraverso la natura, che il racconto diventa vivo e i siciliani si aprono orgogliosi come se il sole o il mare fossero di individuale propriet\u00e0, appartenuti a qualche avo e lasciato il tutto a loro in eredit\u00e0 ! Questo \u00e8 il film documentario pieno di tutto e di tutti, cio\u00e8 rappresenta I Siciliani e la Sicilia in modo veritiero, reale e senza nulla di inventato o artefatt<\/em><em>o.<\/em><br \/>\n<em>Una pellicola che far\u00e0 finalmente conoscere il vero volto della Sicilia e di chi ci vive quotidianamente. Una terra bellissima, ricca di risorse, \u00a0ma da sempre abbandonata al suo destino.<\/em><div id=\"div-gpt-ad-Messinaoggi.it-DSK-300x250-corpoart\" style=\"text-align:center;margin:0 auto;\"><\/div><\/p>\n<div id=\"videoincontent\" style=\"clear:both\";><\/div>","protected":false},"excerpt":{"rendered":"<p>Reduce dal\u00a0 successo ottenuto \u00a0al 62 festival internazionale del cinema di Taormina nel giugno scorso, e dopo l\u2019anteprima mondiale al prestigioso BAFTA di Londra a Piccadilly Circus il 12 settembre 2016, il film documentario dal titolo \u201cI SICILIANI\u201d scritto e diretto dal regista Francesco Lama, sar\u00e0 proiettato oggi \u00a0al Cinema Rouge et Noir di Palermo [&hellip;]<\/p>\n","protected":false},"author":5,"featured_media":521,"comment_status":"closed","ping_status":"open","sticky":false,"template":"","format":"standard","meta":{"ub_ctt_via":"","_mi_skip_tracking":false},"categories":[17],"tags":[],"featured_image_src":"https:\/\/www.messinaoggi.it\/website\/wp-content\/uploads\/2017\/05\/I-siciliani-2.jpg","author_info":{"display_name":"Maria Antonella Saia","author_link":"https:\/\/www.messinaoggi.it\/website\/author\/m-saia\/"},"digistream_id":0,"digistream":false,"_links":{"self":[{"href":"https:\/\/www.messinaoggi.it\/website\/wp-json\/wp\/v2\/posts\/520"}],"collection":[{"href":"https:\/\/www.messinaoggi.it\/website\/wp-json\/wp\/v2\/posts"}],"about":[{"href":"https:\/\/www.messinaoggi.it\/website\/wp-json\/wp\/v2\/types\/post"}],"author":[{"embeddable":true,"href":"https:\/\/www.messinaoggi.it\/website\/wp-json\/wp\/v2\/users\/5"}],"replies":[{"embeddable":true,"href":"https:\/\/www.messinaoggi.it\/website\/wp-json\/wp\/v2\/comments?post=520"}],"version-history":[{"count":0,"href":"https:\/\/www.messinaoggi.it\/website\/wp-json\/wp\/v2\/posts\/520\/revisions"}],"wp:featuredmedia":[{"embeddable":true,"href":"https:\/\/www.messinaoggi.it\/website\/wp-json\/wp\/v2\/media\/521"}],"wp:attachment":[{"href":"https:\/\/www.messinaoggi.it\/website\/wp-json\/wp\/v2\/media?parent=520"}],"wp:term":[{"taxonomy":"category","embeddable":true,"href":"https:\/\/www.messinaoggi.it\/website\/wp-json\/wp\/v2\/categories?post=520"},{"taxonomy":"post_tag","embeddable":true,"href":"https:\/\/www.messinaoggi.it\/website\/wp-json\/wp\/v2\/tags?post=520"}],"curies":[{"name":"wp","href":"https:\/\/api.w.org\/{rel}","templated":true}]}}