{"id":51985,"date":"2021-01-21T16:30:10","date_gmt":"2021-01-21T15:30:10","guid":{"rendered":"https:\/\/www.messinaoggi.it\/website\/?p=51985"},"modified":"2021-01-21T16:30:10","modified_gmt":"2021-01-21T15:30:10","slug":"stretto-di-messina-pattumiera-spano-rifiuti-limitati-al-tratto-fra-tremestieri-e-reggio","status":"publish","type":"post","link":"https:\/\/www.messinaoggi.it\/website\/2021\/01\/21\/stretto-di-messina-pattumiera-spano-rifiuti-limitati-al-tratto-fra-tremestieri-e-reggio\/","title":{"rendered":"Stretto di Messina &quot;pattumiera&quot;. Span\u00f2: &quot;Rifiuti limitati al tratto fra Tremestieri e Reggio&quot;"},"content":{"rendered":"<p>In merito alle notizie stampa diffuse negli ultimi giorni, riguardo la situazione dei fondali dello Stretto di Messina, la prof.ssa Nancy Span\u00f2, Delegata UniMe per le Iniziative scientifiche a tutela dell\u2019Ambiente e del patrimonio marino, ha ribadito il suo pensiero a tutela del prezioso tesoro marino che si contraddistingue per le sue peculiarit\u00e0 e per l\u2019enorme biodiversit\u00e0.<span class=\"Apple-converted-space\">\u00a0<\/span><br \/>\n\u201cLe caratteristiche ecologiche, biologiche, idrologiche dello Stretto di Messina \u2013 ha detto \u2013 si riflettono sugli organismi che lo popolano, influenzando l\u2019intero assetto biologico dell\u2019ambiente con il risultato di avere a disposizione uno straordinario ecosistema, unico nel Mediterraneo per abbondanza di specie, biodiversit\u00e0 e biocenosi.<br \/>\nI fondali del nostro mare sono caratterizzati da condizioni particolari, che rendono lo Stretto un ambiente unico nel Mediterraneo. Lo Stretto \u2013 ha aggiunto \u2013 \u00e8 molto pi\u00f9 della pattumiera che \u00e8 stata troppo frettolosamente descritta, seppur dei dati obiettivi dimostrano che i rifiuti ci sono, limitati al tratto fra Tremestieri e Reggio\u201d.<br \/>\nSecondo una ricerca condotta dalla Universitat de Barcelona e da ricercatori internazionali lo Stretto di Messina \u00e8 stato considerato al primo posto nella classifica della \u201csporcizia sottomarina\u201d, ma \u00e8 bene ricordare che il tratto oggetto dello studio dell\u2019Ateneo catalano \u00e8 di circa 7 chilometri, mentre l\u2019Universit\u00e0 di Messina vanta ricerche continue ed uno studio su una lunghezza di circa 70 chilometri.<div id=\"div-gpt-ad-Messinaoggi.it-DSK-300x250-corpoart\" style=\"text-align:center;margin:0 auto;\"><\/div><\/p>\n<div id=\"videoincontent\" style=\"clear:both\";><\/div>","protected":false},"excerpt":{"rendered":"<p>In merito alle notizie stampa diffuse negli ultimi giorni, riguardo la situazione dei fondali dello Stretto di Messina, la prof.ssa Nancy Span\u00f2, Delegata UniMe per le Iniziative scientifiche a tutela dell\u2019Ambiente e del patrimonio marino, ha ribadito il suo pensiero a tutela del prezioso tesoro marino che si contraddistingue per le sue peculiarit\u00e0 e per [&hellip;]<\/p>\n","protected":false},"author":4,"featured_media":42819,"comment_status":"closed","ping_status":"closed","sticky":false,"template":"","format":"standard","meta":{"ub_ctt_via":"","_mi_skip_tracking":false},"categories":[5],"tags":[],"featured_image_src":"https:\/\/www.messinaoggi.it\/website\/wp-content\/uploads\/2020\/04\/immersione-sub-stretto-di-Messina-scaled-1.jpg","author_info":{"display_name":"redme","author_link":"https:\/\/www.messinaoggi.it\/website\/author\/redme\/"},"digistream_id":0,"digistream":false,"_links":{"self":[{"href":"https:\/\/www.messinaoggi.it\/website\/wp-json\/wp\/v2\/posts\/51985"}],"collection":[{"href":"https:\/\/www.messinaoggi.it\/website\/wp-json\/wp\/v2\/posts"}],"about":[{"href":"https:\/\/www.messinaoggi.it\/website\/wp-json\/wp\/v2\/types\/post"}],"author":[{"embeddable":true,"href":"https:\/\/www.messinaoggi.it\/website\/wp-json\/wp\/v2\/users\/4"}],"replies":[{"embeddable":true,"href":"https:\/\/www.messinaoggi.it\/website\/wp-json\/wp\/v2\/comments?post=51985"}],"version-history":[{"count":0,"href":"https:\/\/www.messinaoggi.it\/website\/wp-json\/wp\/v2\/posts\/51985\/revisions"}],"wp:featuredmedia":[{"embeddable":true,"href":"https:\/\/www.messinaoggi.it\/website\/wp-json\/wp\/v2\/media\/42819"}],"wp:attachment":[{"href":"https:\/\/www.messinaoggi.it\/website\/wp-json\/wp\/v2\/media?parent=51985"}],"wp:term":[{"taxonomy":"category","embeddable":true,"href":"https:\/\/www.messinaoggi.it\/website\/wp-json\/wp\/v2\/categories?post=51985"},{"taxonomy":"post_tag","embeddable":true,"href":"https:\/\/www.messinaoggi.it\/website\/wp-json\/wp\/v2\/tags?post=51985"}],"curies":[{"name":"wp","href":"https:\/\/api.w.org\/{rel}","templated":true}]}}