{"id":5191,"date":"2017-07-21T10:49:02","date_gmt":"2017-07-21T08:49:02","guid":{"rendered":"http:\/\/www.messinaoggi.it\/website\/?p=5191"},"modified":"2017-07-21T10:49:02","modified_gmt":"2017-07-21T08:49:02","slug":"assegnazione-case-popolari-gioveni-nessun-bando-da-oltre-4-anni-intervenire-subito","status":"publish","type":"post","link":"https:\/\/www.messinaoggi.it\/website\/2017\/07\/21\/assegnazione-case-popolari-gioveni-nessun-bando-da-oltre-4-anni-intervenire-subito\/","title":{"rendered":"Assegnazione case popolari, Gioveni: \u201cNessun bando da oltre 4 anni, intervenire subito\u201d"},"content":{"rendered":"<p style=\"text-align: justify\"><span style=\"font-family: Arial, sans-serif\">La mancata assegnazione degli alloggi popolari, un tema spinoso non ancora risolto nel messinese che ha sollevato nel pomeriggio di ieri l&#8217;ennesima protesta a Palazzo Zanca di diverse famiglie riunite sotto diverse sigle associative per ricevere una casa pi\u00f9 dignitosa.<\/span><div id=\"div-gpt-ad-Messinaoggi.it-DSK-300x250-corpoart\" style=\"text-align:center;margin:0 auto;\"><\/div><\/p>\n<p style=\"text-align: justify\"><span style=\"font-family: Arial, sans-serif\">Nell&#8217;attesa del tavolo tecnico, concesso dall&#8217;Amministrazione alle diverse famiglie a seguito della protesta, che si terr\u00e0 gioved\u00ec prossimo, \u00e8 intervenuto sul tema l&#8217;esponente centrista in Consiglio Comunale, Libero Gioveni: \u201cLa protesta di ieri \u00e8 solo la punta di un iceberg in tema di politiche abitative in citt\u00e0, visto che esattamente da quattro anni e mezzo non viene emanato ancora un nuovo bando per l\u2019assegnazione degli alloggi popolari ai sensi del vigente Regolamento comunale\u201d.<\/span><div id=\"videoincontent\" style=\"clear:both\";><\/div><\/p>\n<p style=\"text-align: justify\">\u201c<span style=\"font-family: Arial, sans-serif\">Urge anche rivedere \u2013 prosegue il consigliere \u2013 il vigente Regolamento sull\u2019assegnazione degli alloggi, soprattutto nella parte descritta dall\u2019art. 12 che conferisce al sindaco il potere di derogare alla graduatoria per casi particolari o ritenuti gravi, a sua esclusiva discrezione!\u201d. Il motivo? \u201cRitengo che, &#8211; spiega Gioveni &#8211; in ragione anche di qualche assegnazione fatta da Accorinti forse un po\u2019 troppo con superficialit\u00e0 (per esempio la casa assegnata a una famiglia Rom di cui lui si \u00e8 anche vantato a livello nazionale) l\u2019art. 12 del Regolamento dovrebbe essere pi\u00f9 stringente, magari facendo in modo che il sindaco, nelle sue valutazioni dei casi ritenuti pi\u00f9 estremi, possa essere inserito all\u2019interno di una Commissione giudicatrice\u201d.<\/span><\/p>\n<p>\u201cPertanto \u2013 conclude Gioveni \u2013 mi preme sollecitare ancora una volta all\u2019assessore e al Dirigente al ramo l\u2019emissione del tanto atteso bando per l\u2019assegnazione di alloggi popolari che, come gi\u00e0 anticipato in premessa, manca da ben quattro anni e mezzo e che quindi non ammette pi\u00f9 alibi!\u201d.<\/p>\n","protected":false},"excerpt":{"rendered":"<p>La mancata assegnazione degli alloggi popolari, un tema spinoso non ancora risolto nel messinese che ha sollevato nel pomeriggio di ieri l&#8217;ennesima protesta a Palazzo Zanca di diverse famiglie riunite sotto diverse sigle associative per ricevere una casa pi\u00f9 dignitosa. Nell&#8217;attesa del tavolo tecnico, concesso dall&#8217;Amministrazione alle diverse famiglie a seguito della protesta, che si [&hellip;]<\/p>\n","protected":false},"author":10,"featured_media":1363,"comment_status":"closed","ping_status":"open","sticky":false,"template":"","format":"standard","meta":{"ub_ctt_via":"","_mi_skip_tracking":false},"categories":[4],"tags":[],"featured_image_src":"https:\/\/www.messinaoggi.it\/website\/wp-content\/uploads\/2017\/06\/case-popolari-2.jpg","author_info":{"display_name":"Paolo Mustica","author_link":"https:\/\/www.messinaoggi.it\/website\/author\/p-mustica\/"},"digistream_id":0,"digistream":false,"_links":{"self":[{"href":"https:\/\/www.messinaoggi.it\/website\/wp-json\/wp\/v2\/posts\/5191"}],"collection":[{"href":"https:\/\/www.messinaoggi.it\/website\/wp-json\/wp\/v2\/posts"}],"about":[{"href":"https:\/\/www.messinaoggi.it\/website\/wp-json\/wp\/v2\/types\/post"}],"author":[{"embeddable":true,"href":"https:\/\/www.messinaoggi.it\/website\/wp-json\/wp\/v2\/users\/10"}],"replies":[{"embeddable":true,"href":"https:\/\/www.messinaoggi.it\/website\/wp-json\/wp\/v2\/comments?post=5191"}],"version-history":[{"count":0,"href":"https:\/\/www.messinaoggi.it\/website\/wp-json\/wp\/v2\/posts\/5191\/revisions"}],"wp:featuredmedia":[{"embeddable":true,"href":"https:\/\/www.messinaoggi.it\/website\/wp-json\/wp\/v2\/media\/1363"}],"wp:attachment":[{"href":"https:\/\/www.messinaoggi.it\/website\/wp-json\/wp\/v2\/media?parent=5191"}],"wp:term":[{"taxonomy":"category","embeddable":true,"href":"https:\/\/www.messinaoggi.it\/website\/wp-json\/wp\/v2\/categories?post=5191"},{"taxonomy":"post_tag","embeddable":true,"href":"https:\/\/www.messinaoggi.it\/website\/wp-json\/wp\/v2\/tags?post=5191"}],"curies":[{"name":"wp","href":"https:\/\/api.w.org\/{rel}","templated":true}]}}