{"id":51875,"date":"2021-01-19T10:22:48","date_gmt":"2021-01-19T09:22:48","guid":{"rendered":"https:\/\/www.messinaoggi.it\/website\/?p=51875"},"modified":"2021-01-19T10:22:48","modified_gmt":"2021-01-19T09:22:48","slug":"doppietta-di-ibrahimovic-il-milan-vince-a-cagliari-per-2-0","status":"publish","type":"post","link":"https:\/\/www.messinaoggi.it\/website\/2021\/01\/19\/doppietta-di-ibrahimovic-il-milan-vince-a-cagliari-per-2-0\/","title":{"rendered":"Doppietta di Ibrahimovic, il Milan vince a Cagliari per 2-0"},"content":{"rendered":"<div>CAGLIARI (ITALPRESS) &#8211; Il Milan risponde all&#8217;Inter e mantiene i tre punti di distacco in vetta alla classifica. Nel posticipo alla Sardegna Arena che chiude la 18ma giornata di Serie A, i rossoneri affondano il Cagliari con un 2-0 marchiato dalla doppietta del rientrante Ibrahimovic. Pioli deve fare a meno dei positivi Theo Hernandez, Rebic e Calhanoglu oltre che dello squalificato Leao, tocca dunque allo svedese prendere per mano il Diavolo. Zlatan si procura d&#8217;esperienza un rigore sulla spinta di Lykogiannis, &#8216;scavalc\u00e0 Kessi\u00e8 e si assume la responsabilit\u00e0 dal dischetto: Cragno spiazzato, dopo sette minuti gli ospiti sono gi\u00e0 in vantaggio. Un duro colpo al morale del Cagliari, reduce da cinque sconfitte di fila tra campionato e Coppa Italia e alla ricerca di un&#8217;identit\u00e0 con il nuovo acquisto Duncan lanciato subito come titolare. Nessun brivido per la porta di Donnarumma nella prima frazione, trema invece al 36&#8217; quella di Cragno quando il &#8216;solit\u00f2 Calabria centra il palo con un sinistro dal limite. La serata del Milan rischia di complicarsi in avvio di ripresa, quando Kjaer non rientra in campo lasciando il posto a Kalulu e tenendo in apprensione i rossoneri, costretti a fare a meno con l&#8217;Atalanta anche di Romagnoli (ammonito e squalificato). Ma al 52&#8242; \u00e8 ancora Ibrahimovic a regalare una boccata d&#8217;ossigeno: lancio illuminante di Calabria a tagliare la difesa rossoblu, il numero 11 insacca e il gol viene convalidato dopo il check del Var per il piede di Lykogiannis che tiene in campo lo svedese. Una palla gol in fotocopia nel giro di un minuto e in fotocopia &#8211; Simeone da un lato, Ibra per la tripletta dall&#8217;altro ma in entrambi i casi bravi i due portieri a coprire in uscita &#8211; poi al 72&#8217; scocca l&#8217;ora dell&#8217;esordio con la maglia del Milan per Meit\u00e8 ma la capolista deve chiudere in inferiorit\u00e0 numerica per il doppio giallo a un ingenuo Saelemaekers. I ragazzi di Pioli serrano le file, il Cagliari protesta per un contatto in area tra Diaz e Sottil ma Abisso lascia correre: il Milan va, il Cagliari \u00e8 solo a +1 sulla zona rossa.<br \/>\n(ITALPRESS).<\/div>\n<div id=\"div-gpt-ad-Messinaoggi.it-DSK-300x250-corpoart\" style=\"text-align:center;margin:0 auto;\"><\/div><\/p><div id=\"videoincontent\" style=\"clear:both\";><\/div>","protected":false},"excerpt":{"rendered":"<p>CAGLIARI (ITALPRESS) &#8211; Il Milan risponde all&#8217;Inter e mantiene i tre punti di distacco in vetta alla classifica. Nel posticipo alla Sardegna Arena che chiude la 18ma giornata di Serie A, i rossoneri affondano il Cagliari con un 2-0 marchiato dalla doppietta del rientrante Ibrahimovic. Pioli deve fare a meno dei positivi Theo Hernandez, Rebic [&hellip;]<\/p>\n","protected":false},"author":2,"featured_media":51876,"comment_status":"closed","ping_status":"closed","sticky":false,"template":"","format":"standard","meta":{"ub_ctt_via":"","_mi_skip_tracking":false},"categories":[10,446],"tags":[],"featured_image_src":"https:\/\/www.messinaoggi.it\/website\/wp-content\/uploads\/2021\/01\/20210118_2746.jpg","author_info":{"display_name":"Redazione","author_link":"https:\/\/www.messinaoggi.it\/website\/author\/redazione\/"},"digistream_id":0,"digistream":false,"_links":{"self":[{"href":"https:\/\/www.messinaoggi.it\/website\/wp-json\/wp\/v2\/posts\/51875"}],"collection":[{"href":"https:\/\/www.messinaoggi.it\/website\/wp-json\/wp\/v2\/posts"}],"about":[{"href":"https:\/\/www.messinaoggi.it\/website\/wp-json\/wp\/v2\/types\/post"}],"author":[{"embeddable":true,"href":"https:\/\/www.messinaoggi.it\/website\/wp-json\/wp\/v2\/users\/2"}],"replies":[{"embeddable":true,"href":"https:\/\/www.messinaoggi.it\/website\/wp-json\/wp\/v2\/comments?post=51875"}],"version-history":[{"count":0,"href":"https:\/\/www.messinaoggi.it\/website\/wp-json\/wp\/v2\/posts\/51875\/revisions"}],"wp:featuredmedia":[{"embeddable":true,"href":"https:\/\/www.messinaoggi.it\/website\/wp-json\/wp\/v2\/media\/51876"}],"wp:attachment":[{"href":"https:\/\/www.messinaoggi.it\/website\/wp-json\/wp\/v2\/media?parent=51875"}],"wp:term":[{"taxonomy":"category","embeddable":true,"href":"https:\/\/www.messinaoggi.it\/website\/wp-json\/wp\/v2\/categories?post=51875"},{"taxonomy":"post_tag","embeddable":true,"href":"https:\/\/www.messinaoggi.it\/website\/wp-json\/wp\/v2\/tags?post=51875"}],"curies":[{"name":"wp","href":"https:\/\/api.w.org\/{rel}","templated":true}]}}