{"id":51866,"date":"2021-01-18T14:50:12","date_gmt":"2021-01-18T13:50:12","guid":{"rendered":"https:\/\/www.messinaoggi.it\/website\/?p=51866"},"modified":"2021-01-18T14:50:12","modified_gmt":"2021-01-18T13:50:12","slug":"mercati-chiusi-gli-esercenti-non-ci-stanno-ci-paghi-il-sindaco-de-luca","status":"publish","type":"post","link":"https:\/\/www.messinaoggi.it\/website\/2021\/01\/18\/mercati-chiusi-gli-esercenti-non-ci-stanno-ci-paghi-il-sindaco-de-luca\/","title":{"rendered":"Mercati chiusi, gli esercenti non ci stanno: &quot;Ci paghi il sindaco De Luca&quot;"},"content":{"rendered":"<p style=\"text-align: justify;\">\u201c<em>Due settimane di chiusura e chi d\u00e0 i soldi per campare? Il sindaco<\/em>\u201d. Se lo chiede <strong>Meluccio Soffli<\/strong>, portavoce dei cinquanta commercianti del mercato all\u2019aperto Sant\u2019Orsola, dopo la decisione del sindaco di chiudere tutti i mercati cittadini. L\u2019ordinanza di sabato \u00e8 stata corretta e solo ieri il sindaco ha \u201cconcesso\u201d la possibilit\u00e0 di smaltire per due giorni la merce in magazzino.<div id=\"div-gpt-ad-Messinaoggi.it-DSK-300x250-corpoart\" style=\"text-align:center;margin:0 auto;\"><\/div><\/p>\n<p style=\"text-align: justify;\">Questa mattina siamo andati al mercato di viale Giostra, dove gli esercenti sono sul piede di guerra ritenendo ingiusta una decisione che penalizza i mercatali a vantaggio dei supermercati della grande distribuzione. Se la gente non pu\u00f2 andare al mercato dove andr\u00e0 a fare la spesa? \u201c<em>Al supermercato \u2013 taglia corto un arrabbiato Soffli -, non accettiamo questa decisione del sindaco che dall\u2019oggi al domani ha deciso di chiudere tutto. Siamo nelle mani di nessuno, non \u00e8 vero che sono stati elevati verbali perch\u00e9 gli esercenti non indossavano la mascherina, tutto falso, solo bugie<\/em>\u201d.<div id=\"videoincontent\" style=\"clear:both\";><\/div><\/p>\n<p style=\"text-align: justify;\">La situazione epidemilogica in citt\u00e0 \u00e8 grave ma non giustifica la scelta dei \u201cdue pesi e due misure\u201d adottata dal sindaco <strong>Cateno De Luca<\/strong>, non si capisce sulla base di quali pareri tecnici. Il Covid ci sarebbe nei mercati, ma nei supermercati come d\u2019incanto scompare. L\u2019ordinanza di De Luca non prevede alcuna restrizione per la grande distribuzione che potr\u00e0 fare \u201caffari d\u2019oro\u201d grazie all\u2019ordinanza sindacale.<\/p>\n<p style=\"text-align: justify;\">Il sindaco, ieri, si \u00e8 molto adirato nei confronti del nostro giornale ed ha annunciato di presentare una querela perch\u00e9 si sentirebbe diffamato. Premesso che avrebbe avuto un diritto sancito dalla legge e che prevede la possibilit\u00e0 di replicare o rettificare informazioni giornalistiche, il sindaco ha preferito affidarsi in prima istanza al Tribunale di Fb. Ieri, all\u2019ora di pranzo, Cateno De Luca ha condiviso la foto del nostro giornale urlandoci \u201csciacalli\u201d.<\/p>\n<p style=\"text-align: justify;\"><strong>De Luca<\/strong> che faccia pure la querela, ma non accettiamo le intimidazioni che ha inteso rivolgerci. L\u2019occasione potrebbe essere propizia per ulteriori accertamenti da parte della magistratura.<\/p>\n<p style=\"text-align: justify;\">A proposito, signor sindaco vuole dirci fino ad oggi con la &#8220;Family-card&#8221; <strong>quanti soldi (si parla di milioni di euro, vero?), sono stati pagati o saranno pagati alle grandi catene convenzionate col Comune per la &#8220;Family-card<\/strong>?<\/p>\n<p style=\"text-align: justify;\">E, da ultimo, vuole essere cos\u00ec gentile da <strong>rendicontare pubblicamente come sono state impiegate le donazioni dei messinesi alla Protezione civile, visto che ad oggi non risulta da nessuna parte come avete utilizzato questi fondi<\/strong>?<\/p>\n<p style=\"text-align: right;\"><strong>D.G.<\/strong><\/p>\n","protected":false},"excerpt":{"rendered":"<p>\u201cDue settimane di chiusura e chi d\u00e0 i soldi per campare? Il sindaco\u201d. Se lo chiede Meluccio Soffli, portavoce dei cinquanta commercianti del mercato all\u2019aperto Sant\u2019Orsola, dopo la decisione del sindaco di chiudere tutti i mercati cittadini. L\u2019ordinanza di sabato \u00e8 stata corretta e solo ieri il sindaco ha \u201cconcesso\u201d la possibilit\u00e0 di smaltire per [&hellip;]<\/p>\n","protected":false},"author":2,"featured_media":51867,"comment_status":"closed","ping_status":"closed","sticky":false,"template":"","format":"standard","meta":{"ub_ctt_via":"","_mi_skip_tracking":false},"categories":[5],"tags":[],"featured_image_src":"https:\/\/www.messinaoggi.it\/website\/wp-content\/uploads\/2021\/01\/7675BDAA-78BD-4E44-A157-94BE9A6E8FB8-scaled-1.jpeg","author_info":{"display_name":"Redazione","author_link":"https:\/\/www.messinaoggi.it\/website\/author\/redazione\/"},"digistream_id":0,"digistream":false,"_links":{"self":[{"href":"https:\/\/www.messinaoggi.it\/website\/wp-json\/wp\/v2\/posts\/51866"}],"collection":[{"href":"https:\/\/www.messinaoggi.it\/website\/wp-json\/wp\/v2\/posts"}],"about":[{"href":"https:\/\/www.messinaoggi.it\/website\/wp-json\/wp\/v2\/types\/post"}],"author":[{"embeddable":true,"href":"https:\/\/www.messinaoggi.it\/website\/wp-json\/wp\/v2\/users\/2"}],"replies":[{"embeddable":true,"href":"https:\/\/www.messinaoggi.it\/website\/wp-json\/wp\/v2\/comments?post=51866"}],"version-history":[{"count":0,"href":"https:\/\/www.messinaoggi.it\/website\/wp-json\/wp\/v2\/posts\/51866\/revisions"}],"wp:featuredmedia":[{"embeddable":true,"href":"https:\/\/www.messinaoggi.it\/website\/wp-json\/wp\/v2\/media\/51867"}],"wp:attachment":[{"href":"https:\/\/www.messinaoggi.it\/website\/wp-json\/wp\/v2\/media?parent=51866"}],"wp:term":[{"taxonomy":"category","embeddable":true,"href":"https:\/\/www.messinaoggi.it\/website\/wp-json\/wp\/v2\/categories?post=51866"},{"taxonomy":"post_tag","embeddable":true,"href":"https:\/\/www.messinaoggi.it\/website\/wp-json\/wp\/v2\/tags?post=51866"}],"curies":[{"name":"wp","href":"https:\/\/api.w.org\/{rel}","templated":true}]}}