{"id":51864,"date":"2021-01-19T16:40:51","date_gmt":"2021-01-19T15:40:51","guid":{"rendered":"https:\/\/www.messinaoggi.it\/website\/?p=51864"},"modified":"2021-01-19T16:40:51","modified_gmt":"2021-01-19T15:40:51","slug":"pavimentazione-stradale-limitazioni-nelle-vie-de-zardo-e-bonino","status":"publish","type":"post","link":"https:\/\/www.messinaoggi.it\/website\/2021\/01\/19\/pavimentazione-stradale-limitazioni-nelle-vie-de-zardo-e-bonino\/","title":{"rendered":"Pavimentazione stradale, limitazioni nelle vie De\u00a0 Zardo e Bonino"},"content":{"rendered":"<p>Per consentire l\u2019esecuzione di interventi di rifacimento della pavimentazione stradale nelle vie De\u00a0 Zardo e Bonino, nell\u2019ambito dei \u201clavori di riqualificazione della pavimentazione di alcune strade e dei relativi marciapiedi ricadenti nei quadrilateri viali Boccetta\/Regina Margherita\/Giostra\/via Garibaldi; viale Boccetta\/corso Cavour\/via S. Agostino\/via XXIV Maggio; e viale Gazzi\/vie U. Bonino\/Bonsignore\/Acireale\u201d, si \u00e8 resa necessaria l\u2019adozione di provvedimenti viari.<br \/>\nDa mercoled\u00ec 20 sino a venerd\u00ec 22, e luned\u00ec 25 e marted\u00ec 26, nella fascia oraria 7-17, in via De Zardo e nella carreggiata ovest (lato monte) di via Uberto Bonino, vigeranno i divieti di sosta, su entrambi i lati, e di transito veicolare per semi carreggiata, garantendolo regolarmente in sicurezza nella semi carreggiata stradale di volta in volta non interessata dai lavori; sar\u00e0 inoltre istituito il limite massimo di velocita 20 km\/h in entrambi i sensi di marcia.<div id=\"div-gpt-ad-Messinaoggi.it-DSK-300x250-corpoart\" style=\"text-align:center;margin:0 auto;\"><\/div><\/p>\n<div id=\"videoincontent\" style=\"clear:both\";><\/div>","protected":false},"excerpt":{"rendered":"<p>Per consentire l\u2019esecuzione di interventi di rifacimento della pavimentazione stradale nelle vie De\u00a0 Zardo e Bonino, nell\u2019ambito dei \u201clavori di riqualificazione della pavimentazione di alcune strade e dei relativi marciapiedi ricadenti nei quadrilateri viali Boccetta\/Regina Margherita\/Giostra\/via Garibaldi; viale Boccetta\/corso Cavour\/via S. Agostino\/via XXIV Maggio; e viale Gazzi\/vie U. Bonino\/Bonsignore\/Acireale\u201d, si \u00e8 resa necessaria l\u2019adozione di [&hellip;]<\/p>\n","protected":false},"author":4,"featured_media":42883,"comment_status":"closed","ping_status":"closed","sticky":false,"template":"","format":"standard","meta":{"ub_ctt_via":"","_mi_skip_tracking":false},"categories":[5],"tags":[],"featured_image_src":"https:\/\/www.messinaoggi.it\/website\/wp-content\/uploads\/2020\/04\/viabilita1.jpg","author_info":{"display_name":"redme","author_link":"https:\/\/www.messinaoggi.it\/website\/author\/redme\/"},"digistream_id":0,"digistream":false,"_links":{"self":[{"href":"https:\/\/www.messinaoggi.it\/website\/wp-json\/wp\/v2\/posts\/51864"}],"collection":[{"href":"https:\/\/www.messinaoggi.it\/website\/wp-json\/wp\/v2\/posts"}],"about":[{"href":"https:\/\/www.messinaoggi.it\/website\/wp-json\/wp\/v2\/types\/post"}],"author":[{"embeddable":true,"href":"https:\/\/www.messinaoggi.it\/website\/wp-json\/wp\/v2\/users\/4"}],"replies":[{"embeddable":true,"href":"https:\/\/www.messinaoggi.it\/website\/wp-json\/wp\/v2\/comments?post=51864"}],"version-history":[{"count":0,"href":"https:\/\/www.messinaoggi.it\/website\/wp-json\/wp\/v2\/posts\/51864\/revisions"}],"wp:featuredmedia":[{"embeddable":true,"href":"https:\/\/www.messinaoggi.it\/website\/wp-json\/wp\/v2\/media\/42883"}],"wp:attachment":[{"href":"https:\/\/www.messinaoggi.it\/website\/wp-json\/wp\/v2\/media?parent=51864"}],"wp:term":[{"taxonomy":"category","embeddable":true,"href":"https:\/\/www.messinaoggi.it\/website\/wp-json\/wp\/v2\/categories?post=51864"},{"taxonomy":"post_tag","embeddable":true,"href":"https:\/\/www.messinaoggi.it\/website\/wp-json\/wp\/v2\/tags?post=51864"}],"curies":[{"name":"wp","href":"https:\/\/api.w.org\/{rel}","templated":true}]}}