{"id":51725,"date":"2021-01-15T19:19:55","date_gmt":"2021-01-15T18:19:55","guid":{"rendered":"https:\/\/www.messinaoggi.it\/website\/?p=51725"},"modified":"2021-01-15T19:19:55","modified_gmt":"2021-01-15T18:19:55","slug":"articolo-1-comportamenti-di-de-luca-sopra-le-righe-non-serve-buttarla-in-caciara","status":"publish","type":"post","link":"https:\/\/www.messinaoggi.it\/website\/2021\/01\/15\/articolo-1-comportamenti-di-de-luca-sopra-le-righe-non-serve-buttarla-in-caciara\/","title":{"rendered":"Articolo Uno: &quot;Comportamenti di De Luca sopra le righe, non serve buttarla in caciara&quot;"},"content":{"rendered":"<p>Nel ginepraio di polemiche e reazioni s&#8217;inserisce anche Articolo 1 che bacchetta il sindaco De Luca. &#8220;Il punto di partenza di ogni riflessione politica non pu\u00f2 non partire da questo dato inequivocabile: siamo dentro una emergenza sanitaria e una crisi socio-economica senza precedenti. La piena comprensione della condizione di rischio in cui vive anche la comunit\u00e0 messinese, come il resto del paese e del mondo intero, dovrebbe guidare le azioni, ma anche gli atteggiamenti, di chi questa comunit\u00e0 \u00e8 stato chiamato a guidare, oltre che ovviamente tutti i livelli di governo.<br \/>\nNon \u00e8 la prima volta che il sindaco Cateno De Luca ha comportamenti sopra le righe o minaccia le dimissioni. Ma adesso \u00e8 molto pi\u00f9 grave. Siamo dentro una crisi prolungata, della quale ancora non si vede la fine: quotidianamente tanti sono i morti causati dalla pandemia, interi settori dell\u2019economia sono in crisi, in tante e tanti rischiano di perdere il posto di lavoro.<br \/>\n\u00c8 comprensibile che crescano preoccupazione, tensione e paure, rivolte al presente ma anche al futuro. Incrementare la confusione, buttarla in caciara, inscenare pantomime non \u00e8 quello che serve. La gestione dell\u2019emergenza a livello provinciale ha, senza dubbio, avuto molte falle e molti ritardi e sono evidenti le responsabilit\u00e0 dell\u2019Asp e del suo direttore nella programmazione della filiera sanitaria, dei posti covid e del tracciamento. Siamo di fronte ad un sistema che nel suo complesso \u2013 dall\u2019assessorato regionale alle direzioni dei diversi presidi ospedalieri &#8211; non funzionava prima e ha manifestato nell\u2019emergenza tutti i suoi limiti. Chiedere cambiamenti \u00e8 legittimo, mandare in tilt una citt\u00e0, come ha fatto De Luca nell\u2019ultima settimana, \u00e8 inaccettabile.<br \/>\nNon saranno certo le sue dimissioni a determinare il destino del dott. La Paglia che ci sembra gi\u00e0 segnato. \u00c8 evidente a tutti gli osservatori che nei prossimi giorni, anche in relazione al lavoro della Commissione inviata dalla Regione, si proceder\u00e0 alla sostituzione del Direttore dell\u2019ASP. E allora perch\u00e9 sottoporre la citt\u00e0 ad un ennesimo stress test se non per garantirsi qualche ospitata a qualche programma televisivo nazionale.<br \/>\nLa provocazione, colpevolmente reiterata nelle ultime ore, di una nuova ordinanza che andrebbe oltre ai provvedimenti dei governi nazionale e regionale conferma la necessit\u00e0 spasmodica di occupare la scena. Se il Comune di Messina, in base a valutazioni oggettive, avesse criticit\u00e0 tali da immaginare misure pi\u00f9 stringenti le si concordino con la Regione e il Governo Nazionale nella trasparenza e nella chiarezza, coinvolgendo le categorie interessate e garantendo il dovuto sostegno.<br \/>\nDe Luca ha dichiarato di avere subito minacce ed in questo senso la nostra ferma condanna di ogni atto che possa trascendere nella violenza. Occorre per\u00f2 svelenire il clima in citt\u00e0: non \u00e8 accettabile una condizione da campagna elettorale permanete specie dentro una pandemia e con l\u2019economia in crisi. Serve recuperare il dialogo tra i vari pezzi della citt\u00e0 e costruire coesione sociale. De Luca ha l\u2019onore di guidare la nostra citt\u00e0 se \u00e8 in grado di fare il Sindaco lo faccia, altrimenti tragga le dovute conseguenze.<br \/>\nNon gli consentiremo per\u00f2 di avvelenare i pozzi della vita democratica e della coesione sociale che sono necessarie perch\u00e9 Messina trovi una strada per rialzarsi e ripensare al suo futuro. Per questo riteniamo che si parli sempre meno di De Luca e, insieme alle forze democratiche e progressiste nel dialogo con le forze produttive e sociali, si continui, sempre pi\u00f9 e sempre meglio, a strutturare un confronto finalizzato gettare le basi per un\u2019alternativa politico-culturale seria e rigorosa&#8221;.<div id=\"div-gpt-ad-Messinaoggi.it-DSK-300x250-corpoart\" style=\"text-align:center;margin:0 auto;\"><\/div><\/p>\n<div id=\"videoincontent\" style=\"clear:both\";><\/div>","protected":false},"excerpt":{"rendered":"<p>Nel ginepraio di polemiche e reazioni s&#8217;inserisce anche Articolo 1 che bacchetta il sindaco De Luca. &#8220;Il punto di partenza di ogni riflessione politica non pu\u00f2 non partire da questo dato inequivocabile: siamo dentro una emergenza sanitaria e una crisi socio-economica senza precedenti. La piena comprensione della condizione di rischio in cui vive anche la [&hellip;]<\/p>\n","protected":false},"author":4,"featured_media":45324,"comment_status":"closed","ping_status":"closed","sticky":false,"template":"","format":"standard","meta":{"ub_ctt_via":"","_mi_skip_tracking":false},"categories":[4],"tags":[],"featured_image_src":"https:\/\/www.messinaoggi.it\/website\/wp-content\/uploads\/2020\/07\/cateno-de-luca-1.jpg","author_info":{"display_name":"redme","author_link":"https:\/\/www.messinaoggi.it\/website\/author\/redme\/"},"digistream_id":0,"digistream":false,"_links":{"self":[{"href":"https:\/\/www.messinaoggi.it\/website\/wp-json\/wp\/v2\/posts\/51725"}],"collection":[{"href":"https:\/\/www.messinaoggi.it\/website\/wp-json\/wp\/v2\/posts"}],"about":[{"href":"https:\/\/www.messinaoggi.it\/website\/wp-json\/wp\/v2\/types\/post"}],"author":[{"embeddable":true,"href":"https:\/\/www.messinaoggi.it\/website\/wp-json\/wp\/v2\/users\/4"}],"replies":[{"embeddable":true,"href":"https:\/\/www.messinaoggi.it\/website\/wp-json\/wp\/v2\/comments?post=51725"}],"version-history":[{"count":0,"href":"https:\/\/www.messinaoggi.it\/website\/wp-json\/wp\/v2\/posts\/51725\/revisions"}],"wp:featuredmedia":[{"embeddable":true,"href":"https:\/\/www.messinaoggi.it\/website\/wp-json\/wp\/v2\/media\/45324"}],"wp:attachment":[{"href":"https:\/\/www.messinaoggi.it\/website\/wp-json\/wp\/v2\/media?parent=51725"}],"wp:term":[{"taxonomy":"category","embeddable":true,"href":"https:\/\/www.messinaoggi.it\/website\/wp-json\/wp\/v2\/categories?post=51725"},{"taxonomy":"post_tag","embeddable":true,"href":"https:\/\/www.messinaoggi.it\/website\/wp-json\/wp\/v2\/tags?post=51725"}],"curies":[{"name":"wp","href":"https:\/\/api.w.org\/{rel}","templated":true}]}}