{"id":51665,"date":"2021-01-14T21:39:55","date_gmt":"2021-01-14T20:39:55","guid":{"rendered":"https:\/\/www.messinaoggi.it\/website\/?p=51665"},"modified":"2021-01-14T21:39:55","modified_gmt":"2021-01-14T20:39:55","slug":"de-luca-dimissioni-rinviate-e-nuova-ordinanza","status":"publish","type":"post","link":"https:\/\/www.messinaoggi.it\/website\/2021\/01\/14\/de-luca-dimissioni-rinviate-e-nuova-ordinanza\/","title":{"rendered":"De Luca, dimissioni rinviate e nuova ordinanza"},"content":{"rendered":"<p>In pochi avevano creduto (fatta eccezioni per gli allocchi), alle dimissioni del sindaco Cateno De Luca. In una lunghissima diretta Fb ha trovato modo per scagliare improperi e insulti contro politici e giornalisti, \u00e8 solo alla fine ha dato lettura alle dimissioni che presenter\u00e0 formalmente domani mattina.<br \/>\n<img loading=\"lazy\" class=\"alignnone size-medium wp-image-51667\" src=\"https:\/\/www.messinaoggi.it\/website\/wp-content\/uploads\/2021\/01\/7F0F0C29-D401-4EA0-9EB3-632826A913F2-300x225.jpeg\" alt=\"\" width=\"300\" height=\"225\" \/><br \/>\nHa specificato, per\u00f2, che avranno efficacia fra venti giorni, come prevede la legge. Salvo possibili e molto probabili ripensamenti.<br \/>\nUna diretta fiume che ha tenuto col fiato sospeso i suoi fans e che si \u00e8 conclusa con un nulla di fatto. Le dimissioni sono vincolate alla destituzione del manager e dell\u2019Aps, Paoli La Paglia, diventato per il sindaco De Luca pi\u00f9 pericoloso del Covid.<br \/>\nLa notizia \u00e8 che domani, dopo che sar\u00e0 pubblicato il nuovo DPCM che inserir\u00e0 tutta la Sicilia fra le regioni in zona Rossa, De Luca emetter\u00e0 una nuova ordinanza restrittiva, sulla falsa riga di quella revocata. Ci\u00f3 contribuir\u00e0 a rendere ancora pi\u00f9 confusionario il quadro amministrativo che vede come vere vittime i commercianti.<br \/>\n<img loading=\"lazy\" class=\"alignnone size-medium wp-image-51668\" src=\"https:\/\/www.messinaoggi.it\/website\/wp-content\/uploads\/2021\/01\/38A26025-6149-45D5-8BF4-D62D229BDE48-300x225.jpeg\" alt=\"\" width=\"300\" height=\"225\" \/><br \/>\nA proposito di commercio, oggi il presidente della Confcommercio ha giurato amore eterno al sindaco \u201cfustigatore\u201d dei commercianti, nel corso della manifestazione promossa dall\u2019ex sindacalista della Cgil, Gianluca Gangemi.<br \/>\n<img loading=\"lazy\" class=\"alignnone size-medium wp-image-51669\" src=\"https:\/\/www.messinaoggi.it\/website\/wp-content\/uploads\/2021\/01\/42BDC40F-0251-4515-BDFE-D787E17400E1-300x225.jpeg\" alt=\"\" width=\"300\" height=\"225\" \/>Oggi rappresentante di una sigla autonoma con a capo la pasionaria Clara Croc\u00e8, la stessa che definisce Messina una fogna a cielo aperto.<div id=\"div-gpt-ad-Messinaoggi.it-DSK-300x250-corpoart\" style=\"text-align:center;margin:0 auto;\"><\/div><\/p>\n<div id=\"videoincontent\" style=\"clear:both\";><\/div>","protected":false},"excerpt":{"rendered":"<p>In pochi avevano creduto (fatta eccezioni per gli allocchi), alle dimissioni del sindaco Cateno De Luca. In una lunghissima diretta Fb ha trovato modo per scagliare improperi e insulti contro politici e giornalisti, \u00e8 solo alla fine ha dato lettura alle dimissioni che presenter\u00e0 formalmente domani mattina. Ha specificato, per\u00f2, che avranno efficacia fra venti [&hellip;]<\/p>\n","protected":false},"author":2,"featured_media":51670,"comment_status":"closed","ping_status":"closed","sticky":false,"template":"","format":"standard","meta":{"ub_ctt_via":"","_mi_skip_tracking":false},"categories":[19,6],"tags":[],"featured_image_src":"https:\/\/www.messinaoggi.it\/website\/wp-content\/uploads\/2021\/01\/1E1C216E-F6F1-40EF-A93B-F960D8EEBF38.jpeg","author_info":{"display_name":"Redazione","author_link":"https:\/\/www.messinaoggi.it\/website\/author\/redazione\/"},"digistream_id":0,"digistream":false,"_links":{"self":[{"href":"https:\/\/www.messinaoggi.it\/website\/wp-json\/wp\/v2\/posts\/51665"}],"collection":[{"href":"https:\/\/www.messinaoggi.it\/website\/wp-json\/wp\/v2\/posts"}],"about":[{"href":"https:\/\/www.messinaoggi.it\/website\/wp-json\/wp\/v2\/types\/post"}],"author":[{"embeddable":true,"href":"https:\/\/www.messinaoggi.it\/website\/wp-json\/wp\/v2\/users\/2"}],"replies":[{"embeddable":true,"href":"https:\/\/www.messinaoggi.it\/website\/wp-json\/wp\/v2\/comments?post=51665"}],"version-history":[{"count":0,"href":"https:\/\/www.messinaoggi.it\/website\/wp-json\/wp\/v2\/posts\/51665\/revisions"}],"wp:featuredmedia":[{"embeddable":true,"href":"https:\/\/www.messinaoggi.it\/website\/wp-json\/wp\/v2\/media\/51670"}],"wp:attachment":[{"href":"https:\/\/www.messinaoggi.it\/website\/wp-json\/wp\/v2\/media?parent=51665"}],"wp:term":[{"taxonomy":"category","embeddable":true,"href":"https:\/\/www.messinaoggi.it\/website\/wp-json\/wp\/v2\/categories?post=51665"},{"taxonomy":"post_tag","embeddable":true,"href":"https:\/\/www.messinaoggi.it\/website\/wp-json\/wp\/v2\/tags?post=51665"}],"curies":[{"name":"wp","href":"https:\/\/api.w.org\/{rel}","templated":true}]}}