{"id":51664,"date":"2021-01-14T18:52:35","date_gmt":"2021-01-14T17:52:35","guid":{"rendered":"https:\/\/www.messinaoggi.it\/website\/?p=51664"},"modified":"2021-01-14T18:52:35","modified_gmt":"2021-01-14T17:52:35","slug":"sos-di-musumeci-positivita-alle-stelle-la-sicilia-diventi-zona-rossa","status":"publish","type":"post","link":"https:\/\/www.messinaoggi.it\/website\/2021\/01\/14\/sos-di-musumeci-positivita-alle-stelle-la-sicilia-diventi-zona-rossa\/","title":{"rendered":"Sos di Musumeci: &quot;Positivit\u00e0 alle stelle, la Sicilia diventi zona rossa&quot;"},"content":{"rendered":"<p>Contagi troppo alti e tasso di positivit\u00e0 alle stelle. Lo spettro della zona rossa in Sicilia si fa sempre pi\u00f9 vicino. Ed \u00e8 proprio il presidente della Regione, Nello Musumeci, a sollecitare restrizioni.<br \/>\n\u201cAlla luce dell\u2019aumento dei contagi, che \u00e8 ulteriormente progredito rispetto alla scorsa settimana, abbiamo sottoposto al governo centrale la proposta di dichiarare per due settimane la zona rossa in Sicilia \u2013 ha detto il presidente Musumeci -. L\u2019istanza sar\u00e0 valutata nella cabina di regia convocata per domani a Roma e, ove la nostra richiesta non dovesse essere accolta, prudenzialmente domani stesso proceder\u00f2 con mia ordinanza ad applicare le limitazioni previste per le &#8216;zone rosse&#8217; in tutte le aree regionali a maggiore incidenza di contagio, come peraltro richiesto da numerosi sindaci.<br \/>\n<iframe src=\"https:\/\/www.facebook.com\/plugins\/video.php?height=314&amp;href=https%3A%2F%2Fwww.facebook.com%2Fregionesiciliana%2Fvideos%2F498335797811112%2F&amp;show_text=false&amp;width=560\" width=\"560\" height=\"314\" frameborder=\"0\" scrolling=\"no\" data-mce-fragment=\"1\"><\/iframe><br \/>\n\u201cDobbiamo evitare che rimandare misure inevitabili ci costringa a restare chiusi quando il resto d\u2019Italia riaprir\u00e0. Confidiamo nei ristori pi\u00f9 volte sollecitati assieme ad altri presidenti di Regione al governo centrale e, soprattutto, nel comportamento rispettoso da parte dei cittadini. Una minoranza non deve condizionare la vita sociale ed economica della nostra comunit\u00e0&#8221;.<div id=\"div-gpt-ad-Messinaoggi.it-DSK-300x250-corpoart\" style=\"text-align:center;margin:0 auto;\"><\/div><\/p>\n<div id=\"videoincontent\" style=\"clear:both\";><\/div>","protected":false},"excerpt":{"rendered":"<p>Contagi troppo alti e tasso di positivit\u00e0 alle stelle. Lo spettro della zona rossa in Sicilia si fa sempre pi\u00f9 vicino. Ed \u00e8 proprio il presidente della Regione, Nello Musumeci, a sollecitare restrizioni. \u201cAlla luce dell\u2019aumento dei contagi, che \u00e8 ulteriormente progredito rispetto alla scorsa settimana, abbiamo sottoposto al governo centrale la proposta di dichiarare [&hellip;]<\/p>\n","protected":false},"author":4,"featured_media":50739,"comment_status":"closed","ping_status":"closed","sticky":false,"template":"","format":"standard","meta":{"ub_ctt_via":"","_mi_skip_tracking":false},"categories":[19,11],"tags":[],"featured_image_src":"https:\/\/www.messinaoggi.it\/website\/wp-content\/uploads\/2020\/12\/musumeci-nello.jpg","author_info":{"display_name":"redme","author_link":"https:\/\/www.messinaoggi.it\/website\/author\/redme\/"},"digistream_id":0,"digistream":false,"_links":{"self":[{"href":"https:\/\/www.messinaoggi.it\/website\/wp-json\/wp\/v2\/posts\/51664"}],"collection":[{"href":"https:\/\/www.messinaoggi.it\/website\/wp-json\/wp\/v2\/posts"}],"about":[{"href":"https:\/\/www.messinaoggi.it\/website\/wp-json\/wp\/v2\/types\/post"}],"author":[{"embeddable":true,"href":"https:\/\/www.messinaoggi.it\/website\/wp-json\/wp\/v2\/users\/4"}],"replies":[{"embeddable":true,"href":"https:\/\/www.messinaoggi.it\/website\/wp-json\/wp\/v2\/comments?post=51664"}],"version-history":[{"count":0,"href":"https:\/\/www.messinaoggi.it\/website\/wp-json\/wp\/v2\/posts\/51664\/revisions"}],"wp:featuredmedia":[{"embeddable":true,"href":"https:\/\/www.messinaoggi.it\/website\/wp-json\/wp\/v2\/media\/50739"}],"wp:attachment":[{"href":"https:\/\/www.messinaoggi.it\/website\/wp-json\/wp\/v2\/media?parent=51664"}],"wp:term":[{"taxonomy":"category","embeddable":true,"href":"https:\/\/www.messinaoggi.it\/website\/wp-json\/wp\/v2\/categories?post=51664"},{"taxonomy":"post_tag","embeddable":true,"href":"https:\/\/www.messinaoggi.it\/website\/wp-json\/wp\/v2\/tags?post=51664"}],"curies":[{"name":"wp","href":"https:\/\/api.w.org\/{rel}","templated":true}]}}