{"id":51528,"date":"2021-01-12T10:09:03","date_gmt":"2021-01-12T09:09:03","guid":{"rendered":"https:\/\/www.messinaoggi.it\/website\/?p=51528"},"modified":"2021-01-12T10:09:03","modified_gmt":"2021-01-12T09:09:03","slug":"asp-il-manager-la-paglia-verso-la-sospensione","status":"publish","type":"post","link":"https:\/\/www.messinaoggi.it\/website\/2021\/01\/12\/asp-il-manager-la-paglia-verso-la-sospensione\/","title":{"rendered":"Asp, il manager La Paglia verso la sospensione?"},"content":{"rendered":"<p style=\"text-align: justify;\">Il manager dell\u2019Asp Paolo <strong>La Paglia<\/strong> sar\u00e0 quasi certamente sospeso dal suo incarico. La Commissione d\u2019inchiesta spedita a Messina dall\u2019assessore regionale alla Salute, <strong>Ruggero Razza<\/strong>, ha completato il suo lavoro e le determinazioni assunte sarebbero state notificate al reggente dell\u2019assessorato. A questo punto <strong>Razza<\/strong> dovr\u00e0 ratificare la sospensione dell\u2019attuale manager dell\u2019Asp di Messina, finito al centro di vibranti polemiche per la vicenda del reparto \u201cfantasma\u201d di Barcellona Pozzo di Gotto.<div id=\"div-gpt-ad-Messinaoggi.it-DSK-300x250-corpoart\" style=\"text-align:center;margin:0 auto;\"><\/div><\/p>\n<p><img loading=\"lazy\" class=\"alignnone wp-image-16777\" src=\"https:\/\/www.messinaoggi.it\/website\/wp-content\/uploads\/2018\/03\/Razza-Ruggero-con-Ferdinando-Croce-allassessorato-Palermo-messinaoggiMR-300x193.jpg\" alt=\"\" width=\"1035\" height=\"666\" \/><div id=\"videoincontent\" style=\"clear:both\";><\/div><\/p>\n<p style=\"text-align: justify;\">Al di l\u00e0 delle plateali proteste del sindaco di Messina, <strong>Cateno De Luca<\/strong>, la spallata decisiva a La Paglia l\u2019ha inferta la Uil di Messina che ha scoperchiato il vaso delle problematiche riguardanti la gestione della Sanit\u00e0 a Messina.<\/p>\n<p style=\"text-align: justify;\">L\u2019assessore <strong>Ruggero Razza<\/strong> ieri ha fatto un blitz a Messina e pare abbia gi\u00e0 notificato per le vie brevi al diretto interessato quale sar\u00e0 la decisione. Si tratta, tuttavia, di una decisione politica che metter\u00e0 solo provvisoriamente alla finestra l\u2019ex sindacalista della Cisl. La sospensione varier\u00e0 da cinque a sei mesi: ovviamente La Paglia non ricever\u00e0 lo stipendio.<\/p>\n<p style=\"text-align: justify;\">Intanto, prima della sospensione il manager ha proceduto a sua volta alla sospensione dell\u2019attuale direttore amministrativo <strong>Katia Di Blasi<\/strong> \u2013 si dice nei corridoi dell\u2019Asp che la delibera sia stata firmata ieri \u2013 ed avrebbe anche mosso dei rilievi al direttore sanitario <strong>Dino Alagna<\/strong>, appena insediatosi nel ruolo. Insomma, in via La Farina si respira una bruttissima aria.<\/p>\n<p><img loading=\"lazy\" class=\"size-medium wp-image-50448 alignleft\" src=\"https:\/\/www.messinaoggi.it\/website\/wp-content\/uploads\/2020\/12\/56D270EC-7F42-4E45-AE0E-64EF7F59E6D6-300x225.jpeg\" alt=\"\" width=\"300\" height=\"225\" \/><\/p>\n<p style=\"text-align: justify;\"><strong>Razza<\/strong> dovr\u00e0 nominare un commissario e quasi certamente sar\u00e0 <strong>Marzia Furnari<\/strong>, giunta in Riva allo Stretto per guidare l\u2019Ufficio straordinario per l\u2019emergenza Coronavirus.<\/p>\n","protected":false},"excerpt":{"rendered":"<p>Il manager dell\u2019Asp Paolo La Paglia sar\u00e0 quasi certamente sospeso dal suo incarico. La Commissione d\u2019inchiesta spedita a Messina dall\u2019assessore regionale alla Salute, Ruggero Razza, ha completato il suo lavoro e le determinazioni assunte sarebbero state notificate al reggente dell\u2019assessorato. A questo punto Razza dovr\u00e0 ratificare la sospensione dell\u2019attuale manager dell\u2019Asp di Messina, finito al [&hellip;]<\/p>\n","protected":false},"author":2,"featured_media":50235,"comment_status":"closed","ping_status":"closed","sticky":false,"template":"","format":"standard","meta":{"ub_ctt_via":"","_mi_skip_tracking":false},"categories":[19,6],"tags":[],"featured_image_src":"https:\/\/www.messinaoggi.it\/website\/wp-content\/uploads\/2020\/12\/BA329F0F-F6D4-47B0-B9C8-ABDB151D366E.jpeg","author_info":{"display_name":"Redazione","author_link":"https:\/\/www.messinaoggi.it\/website\/author\/redazione\/"},"digistream_id":0,"digistream":false,"_links":{"self":[{"href":"https:\/\/www.messinaoggi.it\/website\/wp-json\/wp\/v2\/posts\/51528"}],"collection":[{"href":"https:\/\/www.messinaoggi.it\/website\/wp-json\/wp\/v2\/posts"}],"about":[{"href":"https:\/\/www.messinaoggi.it\/website\/wp-json\/wp\/v2\/types\/post"}],"author":[{"embeddable":true,"href":"https:\/\/www.messinaoggi.it\/website\/wp-json\/wp\/v2\/users\/2"}],"replies":[{"embeddable":true,"href":"https:\/\/www.messinaoggi.it\/website\/wp-json\/wp\/v2\/comments?post=51528"}],"version-history":[{"count":0,"href":"https:\/\/www.messinaoggi.it\/website\/wp-json\/wp\/v2\/posts\/51528\/revisions"}],"wp:featuredmedia":[{"embeddable":true,"href":"https:\/\/www.messinaoggi.it\/website\/wp-json\/wp\/v2\/media\/50235"}],"wp:attachment":[{"href":"https:\/\/www.messinaoggi.it\/website\/wp-json\/wp\/v2\/media?parent=51528"}],"wp:term":[{"taxonomy":"category","embeddable":true,"href":"https:\/\/www.messinaoggi.it\/website\/wp-json\/wp\/v2\/categories?post=51528"},{"taxonomy":"post_tag","embeddable":true,"href":"https:\/\/www.messinaoggi.it\/website\/wp-json\/wp\/v2\/tags?post=51528"}],"curies":[{"name":"wp","href":"https:\/\/api.w.org\/{rel}","templated":true}]}}