{"id":51393,"date":"2021-01-09T10:51:10","date_gmt":"2021-01-09T09:51:10","guid":{"rendered":"https:\/\/www.messinaoggi.it\/website\/?p=51393"},"modified":"2023-12-03T02:30:20","modified_gmt":"2023-12-03T01:30:20","slug":"sicilia-torna-arancione-ipotesi-zona-rossa-per-messina","status":"publish","type":"post","link":"https:\/\/www.messinaoggi.it\/website\/2021\/01\/09\/sicilia-torna-arancione-ipotesi-zona-rossa-per-messina\/","title":{"rendered":"Sicilia torna arancione. Ipotesi zona rossa per Messina"},"content":{"rendered":"<p style=\"text-align: justify;\">La Sicilia torna zona arancione. A stabilirlo \u00e8 stato il governo italiano sulla base degli ultimi dati relativi all&#8217;indice di trasmissibilit\u00e0 del coronavirus in Sicilia. Si tratta per\u00f2 di una zona arancione tendente al rosso. Infatti, il governatore regionale Nello Musumeci, preoccupato per la crescente diffusione dei contagi da Covid in Sicilia, ha firmato ieri sera, d&#8217;intesa con l&#8217;assessore alla Salute Ruggero Razza, un&#8217;ordinanza contingibile e urgente (<a href=\"https:\/\/www.messinaoggi.it\/website\/wp-content\/uploads\/2021\/01\/Ordinanza_5_08012021.pdf\"><span style=\"text-decoration: underline;\">la 5\/2021<\/span><\/a>), che introduce delle misure restrittive che saranno valide su tutta l&#8217;Isola e che andranno ad affiancarsi a quelle gi\u00e0 previste a livello nazionale per le zone arancioni. In ogni caso, l&#8217;ordinanza regionale sar\u00e0 valida sino al 31 gennaio.<div id=\"div-gpt-ad-Messinaoggi.it-DSK-300x250-corpoart\" style=\"text-align:center;margin:0 auto;\"><\/div><\/p>\n<p style=\"text-align: justify;\">\u201cC&#8217;\u00e8 un solo rimedio, purtroppo, per evitare l&#8217;ulteriore crescita dei contagi in Sicilia: adottare misure restrittive, tenendo conto anche delle indicazioni arrivate dal Comitato tecnico scientifico regionale&#8221;, ha dichiarato Musumeci.<div id=\"videoincontent\" style=\"clear:both\";><\/div><\/p>\n<p style=\"text-align: justify;\"><strong>Le misure restrittive.<\/strong> Qui di seguito l&#8217;elenco delle misure restrittive:<\/p>\n<ul>\n<li style=\"text-align: justify;\"><strong>Controlli per chi arriva in Sicilia. <\/strong>Vengono mantenuti i controlli per i passeggeri in arrivo nell&#8217;Isola (registrazione obbligatorio sul sito dedicato e tampone rapido), cos\u00ec come la riduzione dei voli da e per la Sicilia.<\/li>\n<\/ul>\n<p><a href=\"https:\/\/www.messinaoggi.it\/website\/wp-content\/uploads\/2021\/01\/c.jpg\"><img loading=\"lazy\" class=\"alignnone size-full wp-image-51396\" src=\"https:\/\/www.messinaoggi.it\/website\/wp-content\/uploads\/2021\/01\/c.jpg\" alt=\"\" width=\"975\" height=\"535\" \/><\/a><\/p>\n<ul>\n<li style=\"text-align: justify;\"><strong>Misure per gli esercizi commerciali. <\/strong>Previste misure di distanziamento interpersonale negli esercizi commerciali, con la previsione di screening per gli operatori. I sindaci hanno la facolt\u00e0 di regolamentare l&#8217;accesso nelle zone commerciali per evitare gli assembramenti.<\/li>\n<\/ul>\n<p><a href=\"https:\/\/www.messinaoggi.it\/website\/wp-content\/uploads\/2021\/01\/b.jpg\"><img loading=\"lazy\" class=\"alignnone size-full wp-image-51395\" src=\"https:\/\/www.messinaoggi.it\/website\/wp-content\/uploads\/2021\/01\/b.jpg\" alt=\"\" width=\"959\" height=\"523\" \/><\/a><\/p>\n<ul>\n<li style=\"text-align: justify;\"><strong>Sospensione attivit\u00e0 didattiche. <\/strong>Prevista la sospensione delle attivit\u00e0 didattiche in presenza fino al 16 gennaio per le scuole elementari e medie inferiori e fino al 30 gennaio per gli istituti superiori. Analoghe disposizioni potranno essere adottate da parte della Conferenza dei rettori. Prosegue normalmente, invece, l&#8217;attivit\u00e0 in presenza per nidi, asili e scuole dell&#8217;infanzia.<\/li>\n<\/ul>\n<p><a href=\"https:\/\/www.messinaoggi.it\/website\/wp-content\/uploads\/2021\/01\/a.jpg\"><img loading=\"lazy\" class=\"alignnone size-full wp-image-51394\" src=\"https:\/\/www.messinaoggi.it\/website\/wp-content\/uploads\/2021\/01\/a.jpg\" alt=\"\" width=\"965\" height=\"531\" \/><\/a><\/p>\n<p style=\"text-align: justify;\"><strong>Ipotesi zona rossa per Messina.<\/strong> Intanto non si esclude che Messina possa diventare zona rossa. Il sindaco Cateno De Luca, com&#8217;\u00e8 noto, vorrebbe adottare delle misure pi\u00f9 drastiche per contenere la diffusione dei contagi e la conseguente saturazione dei posti letto dedicati ai malati Covid. A tal fine, ieri sera ha inviato al governo regionale una richiesta di istituzione, dal 12 al 31 gennaio, della zona rossa nel comune di Messina. La richiesta, corredata da alcuni dati, pu\u00f2 essere letta per intero <a href=\"https:\/\/www.messinaoggi.it\/website\/wp-content\/uploads\/2021\/01\/richiesta-istituzione-zona-rossa.pdf\"><span style=\"text-decoration: underline;\">cliccando qui<\/span><\/a>.<\/p>\n<p style=\"text-align: justify;\">&#8220;[Negli ultimi 14 giorni] la provincia di Messina, in rapporto alla popolazione residente, presenta l&#8217;incidenza pi\u00f9 alta [in Sicilia]&#8221;, si legge tra le motivazioni della richiesta. Un dato che sarebbe ancora pi\u00f9 allarmante a livello comunale: &#8220;Nel comune di Messina, nello stesso periodo, [l&#8217;incidenza \u00e8] quasi il doppio di quella provinciale&#8221;, si continua a leggere tra le motivazioni. A ci\u00f2 si aggiunge &#8220;il dato proveniente dalle strutture sanitarie locali, che sono ormai giunte alla saturazione dei posti letto Covid&#8221;.<\/p>\n<p style=\"text-align: justify;\">&#8220;Tutto ci\u00f2 premesso [&#8230;] si chiede al presidente della Regione Siciliana l&#8217;immediata dichiarazione del comune di Messina zona rossa, con l&#8217;applicazione delle consequenziali disposizioni restrittive da marted\u00ec 12 gennaio fino al 31 gennaio 2021&#8221;, conclude il documento.<\/p>\n","protected":false},"excerpt":{"rendered":"<p>La Sicilia torna zona arancione. A stabilirlo \u00e8 stato il governo italiano sulla base degli ultimi dati relativi all&#8217;indice di trasmissibilit\u00e0 del coronavirus in Sicilia. Si tratta per\u00f2 di una zona arancione tendente al rosso. Infatti, il governatore regionale Nello Musumeci, preoccupato per la crescente diffusione dei contagi da Covid in Sicilia, ha firmato ieri [&hellip;]<\/p>\n","protected":false},"author":8,"featured_media":28051,"comment_status":"closed","ping_status":"closed","sticky":false,"template":"","format":"standard","meta":{"ub_ctt_via":"","_mi_skip_tracking":false},"categories":[19],"tags":[],"featured_image_src":"https:\/\/www.messinaoggi.it\/website\/wp-content\/uploads\/2018\/12\/Messina-vista-dallalto.-Porto-sullo-sfondo.jpg","author_info":{"display_name":"red..me","author_link":"https:\/\/www.messinaoggi.it\/website\/author\/redstage\/"},"digistream_id":0,"digistream":false,"_links":{"self":[{"href":"https:\/\/www.messinaoggi.it\/website\/wp-json\/wp\/v2\/posts\/51393"}],"collection":[{"href":"https:\/\/www.messinaoggi.it\/website\/wp-json\/wp\/v2\/posts"}],"about":[{"href":"https:\/\/www.messinaoggi.it\/website\/wp-json\/wp\/v2\/types\/post"}],"author":[{"embeddable":true,"href":"https:\/\/www.messinaoggi.it\/website\/wp-json\/wp\/v2\/users\/8"}],"replies":[{"embeddable":true,"href":"https:\/\/www.messinaoggi.it\/website\/wp-json\/wp\/v2\/comments?post=51393"}],"version-history":[{"count":1,"href":"https:\/\/www.messinaoggi.it\/website\/wp-json\/wp\/v2\/posts\/51393\/revisions"}],"predecessor-version":[{"id":179355,"href":"https:\/\/www.messinaoggi.it\/website\/wp-json\/wp\/v2\/posts\/51393\/revisions\/179355"}],"wp:featuredmedia":[{"embeddable":true,"href":"https:\/\/www.messinaoggi.it\/website\/wp-json\/wp\/v2\/media\/28051"}],"wp:attachment":[{"href":"https:\/\/www.messinaoggi.it\/website\/wp-json\/wp\/v2\/media?parent=51393"}],"wp:term":[{"taxonomy":"category","embeddable":true,"href":"https:\/\/www.messinaoggi.it\/website\/wp-json\/wp\/v2\/categories?post=51393"},{"taxonomy":"post_tag","embeddable":true,"href":"https:\/\/www.messinaoggi.it\/website\/wp-json\/wp\/v2\/tags?post=51393"}],"curies":[{"name":"wp","href":"https:\/\/api.w.org\/{rel}","templated":true}]}}