{"id":51389,"date":"2021-01-09T09:54:04","date_gmt":"2021-01-09T08:54:04","guid":{"rendered":"https:\/\/www.messinaoggi.it\/website\/?p=51389"},"modified":"2021-01-09T09:54:04","modified_gmt":"2021-01-09T08:54:04","slug":"altro-caso-di-coronavirus-alla-juve-positivo-de-ligt","status":"publish","type":"post","link":"https:\/\/www.messinaoggi.it\/website\/2021\/01\/09\/altro-caso-di-coronavirus-alla-juve-positivo-de-ligt\/","title":{"rendered":"Altro caso di coronavirus alla Juve, positivo De Ligt"},"content":{"rendered":"<div>TORINO (ITALPRESS) &#8211; Ancora un caso di coronavirus alla Juventus. Dopo Alex Sandro e Cuadrado, \u00e8 la volta di Matthijs De Ligt, che salter\u00e0 dunque la gara di domenica contro il Sassuolo. &#8220;Juventus Football Club comunica che, nel corso dei controlli previsti dal protocollo in vigore, \u00e8 emersa la positivit\u00e0 al Covid 19 del giocatore Matthijs De Ligt. Il calciatore \u00e8 gi\u00e0 stato posto in isolamento&#8221;, \u00e8 la nota del club bianconero.<br \/>\n(ITALPRESS).<\/div>\n<div id=\"div-gpt-ad-Messinaoggi.it-DSK-300x250-corpoart\" style=\"text-align:center;margin:0 auto;\"><\/div><\/p><div id=\"videoincontent\" style=\"clear:both\";><\/div>","protected":false},"excerpt":{"rendered":"<p>TORINO (ITALPRESS) &#8211; Ancora un caso di coronavirus alla Juventus. Dopo Alex Sandro e Cuadrado, \u00e8 la volta di Matthijs De Ligt, che salter\u00e0 dunque la gara di domenica contro il Sassuolo. &#8220;Juventus Football Club comunica che, nel corso dei controlli previsti dal protocollo in vigore, \u00e8 emersa la positivit\u00e0 al Covid 19 del giocatore [&hellip;]<\/p>\n","protected":false},"author":2,"featured_media":51390,"comment_status":"closed","ping_status":"closed","sticky":false,"template":"","format":"standard","meta":{"ub_ctt_via":"","_mi_skip_tracking":false},"categories":[10,446,9],"tags":[],"featured_image_src":"https:\/\/www.messinaoggi.it\/website\/wp-content\/uploads\/2021\/01\/20210108_2254.jpg","author_info":{"display_name":"Redazione","author_link":"https:\/\/www.messinaoggi.it\/website\/author\/redazione\/"},"digistream_id":0,"digistream":false,"_links":{"self":[{"href":"https:\/\/www.messinaoggi.it\/website\/wp-json\/wp\/v2\/posts\/51389"}],"collection":[{"href":"https:\/\/www.messinaoggi.it\/website\/wp-json\/wp\/v2\/posts"}],"about":[{"href":"https:\/\/www.messinaoggi.it\/website\/wp-json\/wp\/v2\/types\/post"}],"author":[{"embeddable":true,"href":"https:\/\/www.messinaoggi.it\/website\/wp-json\/wp\/v2\/users\/2"}],"replies":[{"embeddable":true,"href":"https:\/\/www.messinaoggi.it\/website\/wp-json\/wp\/v2\/comments?post=51389"}],"version-history":[{"count":0,"href":"https:\/\/www.messinaoggi.it\/website\/wp-json\/wp\/v2\/posts\/51389\/revisions"}],"wp:featuredmedia":[{"embeddable":true,"href":"https:\/\/www.messinaoggi.it\/website\/wp-json\/wp\/v2\/media\/51390"}],"wp:attachment":[{"href":"https:\/\/www.messinaoggi.it\/website\/wp-json\/wp\/v2\/media?parent=51389"}],"wp:term":[{"taxonomy":"category","embeddable":true,"href":"https:\/\/www.messinaoggi.it\/website\/wp-json\/wp\/v2\/categories?post=51389"},{"taxonomy":"post_tag","embeddable":true,"href":"https:\/\/www.messinaoggi.it\/website\/wp-json\/wp\/v2\/tags?post=51389"}],"curies":[{"name":"wp","href":"https:\/\/api.w.org\/{rel}","templated":true}]}}