{"id":51364,"date":"2021-01-08T14:25:58","date_gmt":"2021-01-08T13:25:58","guid":{"rendered":"https:\/\/www.messinaoggi.it\/website\/?p=51364"},"modified":"2021-01-08T14:25:58","modified_gmt":"2021-01-08T13:25:58","slug":"sicilia-diventa-zona-arancione-ha-firmato-il-ministro-speranza","status":"publish","type":"post","link":"https:\/\/www.messinaoggi.it\/website\/2021\/01\/08\/sicilia-diventa-zona-arancione-ha-firmato-il-ministro-speranza\/","title":{"rendered":"Sicilia diventa domenica zona arancione, ha firmato il ministro Roberto Speranza"},"content":{"rendered":"<p>Ufficiale, da domenica prossima e fino al 15 gennaio, la Sicilia torna zona arancione. Il ministro Speranza ha firmato l\u2019ordinanza dopo le pressanti richieste del governatore Musumeci.<br \/>\n<em>&#8220;Siamo preoccupati per l&#8217;attuale andamento della curva dei contagi in Sicilia, per questo abbiamo chiesto al ministro <strong>Roberto Speranza<\/strong>, che ringrazio, di anticipare di almeno una settimana il provvedimento di istituzione della zona arancione per la Sicilia. Nonostante l&#8217;indice Rt dell&#8217;Isola non prevedesse infatti questa classificazione, con grande senso di responsabilit\u00e0, abbiamo cos\u00ec previsto misure pi\u00f9 stringenti a salvaguardia del nostro territorio&#8221;.<\/em><br \/>\nLo dice il presidente della Regione siciliana, <strong>Nello Musumeci<\/strong>.<div id=\"div-gpt-ad-Messinaoggi.it-DSK-300x250-corpoart\" style=\"text-align:center;margin:0 auto;\"><\/div><\/p>\n<div id=\"videoincontent\" style=\"clear:both\";><\/div>","protected":false},"excerpt":{"rendered":"<p>Ufficiale, da domenica prossima e fino al 15 gennaio, la Sicilia torna zona arancione. Il ministro Speranza ha firmato l\u2019ordinanza dopo le pressanti richieste del governatore Musumeci. &#8220;Siamo preoccupati per l&#8217;attuale andamento della curva dei contagi in Sicilia, per questo abbiamo chiesto al ministro Roberto Speranza, che ringrazio, di anticipare di almeno una settimana il [&hellip;]<\/p>\n","protected":false},"author":2,"featured_media":50739,"comment_status":"closed","ping_status":"closed","sticky":false,"template":"","format":"standard","meta":{"ub_ctt_via":"","_mi_skip_tracking":false},"categories":[19],"tags":[],"featured_image_src":"https:\/\/www.messinaoggi.it\/website\/wp-content\/uploads\/2020\/12\/musumeci-nello.jpg","author_info":{"display_name":"Redazione","author_link":"https:\/\/www.messinaoggi.it\/website\/author\/redazione\/"},"digistream_id":0,"digistream":false,"_links":{"self":[{"href":"https:\/\/www.messinaoggi.it\/website\/wp-json\/wp\/v2\/posts\/51364"}],"collection":[{"href":"https:\/\/www.messinaoggi.it\/website\/wp-json\/wp\/v2\/posts"}],"about":[{"href":"https:\/\/www.messinaoggi.it\/website\/wp-json\/wp\/v2\/types\/post"}],"author":[{"embeddable":true,"href":"https:\/\/www.messinaoggi.it\/website\/wp-json\/wp\/v2\/users\/2"}],"replies":[{"embeddable":true,"href":"https:\/\/www.messinaoggi.it\/website\/wp-json\/wp\/v2\/comments?post=51364"}],"version-history":[{"count":0,"href":"https:\/\/www.messinaoggi.it\/website\/wp-json\/wp\/v2\/posts\/51364\/revisions"}],"wp:featuredmedia":[{"embeddable":true,"href":"https:\/\/www.messinaoggi.it\/website\/wp-json\/wp\/v2\/media\/50739"}],"wp:attachment":[{"href":"https:\/\/www.messinaoggi.it\/website\/wp-json\/wp\/v2\/media?parent=51364"}],"wp:term":[{"taxonomy":"category","embeddable":true,"href":"https:\/\/www.messinaoggi.it\/website\/wp-json\/wp\/v2\/categories?post=51364"},{"taxonomy":"post_tag","embeddable":true,"href":"https:\/\/www.messinaoggi.it\/website\/wp-json\/wp\/v2\/tags?post=51364"}],"curies":[{"name":"wp","href":"https:\/\/api.w.org\/{rel}","templated":true}]}}