{"id":51339,"date":"2021-01-08T10:17:26","date_gmt":"2021-01-08T09:17:26","guid":{"rendered":"https:\/\/www.messinaoggi.it\/website\/?p=51339"},"modified":"2021-01-08T10:17:26","modified_gmt":"2021-01-08T09:17:26","slug":"balata-confermato-presidente-lega-b-galliani-vice","status":"publish","type":"post","link":"https:\/\/www.messinaoggi.it\/website\/2021\/01\/08\/balata-confermato-presidente-lega-b-galliani-vice\/","title":{"rendered":"Balata confermato Presidente Lega B, Galliani vice"},"content":{"rendered":"<div>ROMA (ITALPRESS) &#8211; Mauro Balata \u00e8 stato confermato alla guida della Lega Serie B dall&#8217;assemblea organizzata in modalit\u00e0 online. Il numero uno uscente ha ricevuto 16 voti, mentre lo sfidante Ezio Maria Simonelli ha raccolto 2 preferenze (una scheda bianca e una societ\u00e0 assente). &#8220;Lavorer\u00f2 con impegno e abnegazione con il nuovo consiglio e con tutte le societ\u00e0 per il bene della Serie B e per portate a termine i nostri progetti e la nostra mission, che \u00e8 quella di far crescere la Lega sotto ogni profilo, sociale, economico e di valorizzazione del brand&#8221; le sue prime parole dopo la rielezione. Nella stessa seduta sono stati eletti i sei consiglieri interni (Carlo Neri, presidente dell&#8217;Ascoli, Saverio Sticchi Damiani, presidente del Lecce, Adriano Galliani, amministratore delegato del Monza, Mauro Lovisa, presidente del Pordenone, Carmelo Salerno, presidente della Reggiana, e Walter Mattioli, presidente della Spal). Fra questi \u00e8 stato poi eletto, quale vicepresidente, Adriano Galliani. &#8220;Sono sicuro che faremo un buon lavoro insieme al presidente eletto, agli altri consiglieri ma anche con tutte le societ\u00e0 della Lega Serie B. E&#8217; un momento difficile per il calcio, c&#8217;\u00e8 molto da fare e inizieremo gi\u00e0 da domani. Da parte mia cercher\u00f2 di portare la mia esperienza maturata in questi anni&#8221; le parole del dirigente del Monza. I due consiglieri indipendenti sono Andrea Messuti e Mauro Pizzigati, confermato quest&#8217;ultimo dopo lo scorso mandato.<br \/>\n(ITALPRESS).<\/div>\n<div id=\"div-gpt-ad-Messinaoggi.it-DSK-300x250-corpoart\" style=\"text-align:center;margin:0 auto;\"><\/div><\/p><div id=\"videoincontent\" style=\"clear:both\";><\/div>","protected":false},"excerpt":{"rendered":"<p>ROMA (ITALPRESS) &#8211; Mauro Balata \u00e8 stato confermato alla guida della Lega Serie B dall&#8217;assemblea organizzata in modalit\u00e0 online. Il numero uno uscente ha ricevuto 16 voti, mentre lo sfidante Ezio Maria Simonelli ha raccolto 2 preferenze (una scheda bianca e una societ\u00e0 assente). &#8220;Lavorer\u00f2 con impegno e abnegazione con il nuovo consiglio e con [&hellip;]<\/p>\n","protected":false},"author":2,"featured_media":51340,"comment_status":"closed","ping_status":"closed","sticky":false,"template":"","format":"standard","meta":{"ub_ctt_via":"","_mi_skip_tracking":false},"categories":[10,446,9],"tags":[],"featured_image_src":"https:\/\/www.messinaoggi.it\/website\/wp-content\/uploads\/2021\/01\/20210107_2520.jpg","author_info":{"display_name":"Redazione","author_link":"https:\/\/www.messinaoggi.it\/website\/author\/redazione\/"},"digistream_id":0,"digistream":false,"_links":{"self":[{"href":"https:\/\/www.messinaoggi.it\/website\/wp-json\/wp\/v2\/posts\/51339"}],"collection":[{"href":"https:\/\/www.messinaoggi.it\/website\/wp-json\/wp\/v2\/posts"}],"about":[{"href":"https:\/\/www.messinaoggi.it\/website\/wp-json\/wp\/v2\/types\/post"}],"author":[{"embeddable":true,"href":"https:\/\/www.messinaoggi.it\/website\/wp-json\/wp\/v2\/users\/2"}],"replies":[{"embeddable":true,"href":"https:\/\/www.messinaoggi.it\/website\/wp-json\/wp\/v2\/comments?post=51339"}],"version-history":[{"count":0,"href":"https:\/\/www.messinaoggi.it\/website\/wp-json\/wp\/v2\/posts\/51339\/revisions"}],"wp:featuredmedia":[{"embeddable":true,"href":"https:\/\/www.messinaoggi.it\/website\/wp-json\/wp\/v2\/media\/51340"}],"wp:attachment":[{"href":"https:\/\/www.messinaoggi.it\/website\/wp-json\/wp\/v2\/media?parent=51339"}],"wp:term":[{"taxonomy":"category","embeddable":true,"href":"https:\/\/www.messinaoggi.it\/website\/wp-json\/wp\/v2\/categories?post=51339"},{"taxonomy":"post_tag","embeddable":true,"href":"https:\/\/www.messinaoggi.it\/website\/wp-json\/wp\/v2\/tags?post=51339"}],"curies":[{"name":"wp","href":"https:\/\/api.w.org\/{rel}","templated":true}]}}