{"id":51325,"date":"2021-01-07T23:06:51","date_gmt":"2021-01-07T22:06:51","guid":{"rendered":"https:\/\/www.messinaoggi.it\/website\/?p=51325"},"modified":"2021-01-07T23:06:51","modified_gmt":"2021-01-07T22:06:51","slug":"calcio-a-5-siac-messina-sabato-impegnata-in-trasferta-nella-tana-del-citta-di-melilli","status":"publish","type":"post","link":"https:\/\/www.messinaoggi.it\/website\/2021\/01\/07\/calcio-a-5-siac-messina-sabato-impegnata-in-trasferta-nella-tana-del-citta-di-melilli\/","title":{"rendered":"CALCIO A 5 &#8211; Siac Messina sabato impegnata in trasferta nella tana del Citt\u00e0 di Melilli"},"content":{"rendered":"<h6><em><strong>Il 2021 della Siac Messina si aprir\u00e0 sabato 9 gennaio in casa del quotato Citt\u00e0 di Melilli. La partita, che comincer\u00e0 alle ore 16.00, \u00e8 valida per l\u2019undicesima giornata del campionato nazionale di serie A2 di calcio a 5.<\/strong><\/em><\/h6>\n<p> <br \/>\nLa squadra biancazzurra cercher\u00e0 di fornire una buona prestazione sul campo di una delle compagini maggiormente attrezzate per occupare le posizioni di vertice, nonostante un inizio di stagione al di sotto delle aspettative.<br \/>\nTra i peloritani, che si sono allenati con lodevole impegno al \u201cPalaRescifina\u201d, debutter\u00e0 il 26enne laterale brasiliano Gabriel Cesar Barbosa Malveira, mentre salteranno l\u2019appuntamento il capitano Nanni Piccolo, che sconter\u00e0 un turno squalifica, l\u2019infortunato Andrea Nicolosi e l\u2019indisponibile egiziano Ahmed Abdelbaky.<br \/>\n<div id=\"attachment_51327\" style=\"width: 344px\" class=\"wp-caption alignright\"><img aria-describedby=\"caption-attachment-51327\" loading=\"lazy\" class=\" wp-image-51327\" src=\"https:\/\/www.messinaoggi.it\/website\/wp-content\/uploads\/2021\/01\/Il-tecnico-Salvatore-DUrso-SIAC-MESSINA-232x300.jpg\" alt=\"\" width=\"334\" height=\"432\" \/><p id=\"caption-attachment-51327\" class=\"wp-caption-text\"><strong><em>Il tecnico Salvatore D&#8217;Urso<\/em><\/strong><\/p><\/div><br \/>\n<em>\u00a0<\/em><em>\u201cCi attende un impegno difficile contro un\u2019avversaria forte in tutti i reparti e con stranieri di valore in rosa<\/em> \u2013 dichiara il tecnico Salvatore d\u2019Urso \u2013 <em>noi ci presenteremo dopo oltre un mese senza partite ufficiali per via del covid-19 e con diversi under in distinta, prodotti del vivaio. L\u2019organico non \u00e8, purtroppo, completo e cos\u00ec diventa complicato fare assimilare ai ragazzi determinati meccanismi di gioco e tattici\u201d.<\/em><br \/>\nDirigeranno il match i signori Massimo Seminara e Marco Lupo di Palermo (cronometrista Michele Corrado Schillaci di Enna). Confermato, infine, il recupero di mercoled\u00ec 13 a Bernalda; sar\u00e0 il primo dei ben cinque in programma per la Siac, che ha disputato, fin qui, la met\u00e0 delle gare in calendario.<br \/>\n<strong>Gli incontri dell\u201911^ giornata del girone D:<\/strong> Citt\u00e0 di Melilli-Siac Messina; Bernalda-Bovalino; Cataforio-Orsa Viggiano; Futsal Polistena-FF Napoli; Regalbuto-Gear Piazza Armerina; Taranto-Citt\u00e0 di Cosenza.<div id=\"div-gpt-ad-Messinaoggi.it-DSK-300x250-corpoart\" style=\"text-align:center;margin:0 auto;\"><\/div><\/p>\n<div id=\"videoincontent\" style=\"clear:both\";><\/div>","protected":false},"excerpt":{"rendered":"<p>Il 2021 della Siac Messina si aprir\u00e0 sabato 9 gennaio in casa del quotato Citt\u00e0 di Melilli. La partita, che comincer\u00e0 alle ore 16.00, \u00e8 valida per l\u2019undicesima giornata del campionato nazionale di serie A2 di calcio a 5. La squadra biancazzurra cercher\u00e0 di fornire una buona prestazione sul campo di una delle compagini maggiormente [&hellip;]<\/p>\n","protected":false},"author":17,"featured_media":51326,"comment_status":"closed","ping_status":"closed","sticky":false,"template":"","format":"standard","meta":{"ub_ctt_via":"","_mi_skip_tracking":false},"categories":[8,9],"tags":[484,392],"featured_image_src":"https:\/\/www.messinaoggi.it\/website\/wp-content\/uploads\/2021\/01\/SIAC-MESSINA-squadra-2020-21.jpg","author_info":{"display_name":"Giuseppe Luppino","author_link":"https:\/\/www.messinaoggi.it\/website\/author\/g-luppino\/"},"digistream_id":0,"digistream":false,"_links":{"self":[{"href":"https:\/\/www.messinaoggi.it\/website\/wp-json\/wp\/v2\/posts\/51325"}],"collection":[{"href":"https:\/\/www.messinaoggi.it\/website\/wp-json\/wp\/v2\/posts"}],"about":[{"href":"https:\/\/www.messinaoggi.it\/website\/wp-json\/wp\/v2\/types\/post"}],"author":[{"embeddable":true,"href":"https:\/\/www.messinaoggi.it\/website\/wp-json\/wp\/v2\/users\/17"}],"replies":[{"embeddable":true,"href":"https:\/\/www.messinaoggi.it\/website\/wp-json\/wp\/v2\/comments?post=51325"}],"version-history":[{"count":0,"href":"https:\/\/www.messinaoggi.it\/website\/wp-json\/wp\/v2\/posts\/51325\/revisions"}],"wp:featuredmedia":[{"embeddable":true,"href":"https:\/\/www.messinaoggi.it\/website\/wp-json\/wp\/v2\/media\/51326"}],"wp:attachment":[{"href":"https:\/\/www.messinaoggi.it\/website\/wp-json\/wp\/v2\/media?parent=51325"}],"wp:term":[{"taxonomy":"category","embeddable":true,"href":"https:\/\/www.messinaoggi.it\/website\/wp-json\/wp\/v2\/categories?post=51325"},{"taxonomy":"post_tag","embeddable":true,"href":"https:\/\/www.messinaoggi.it\/website\/wp-json\/wp\/v2\/tags?post=51325"}],"curies":[{"name":"wp","href":"https:\/\/api.w.org\/{rel}","templated":true}]}}