{"id":51198,"date":"2021-01-05T19:25:36","date_gmt":"2021-01-05T18:25:36","guid":{"rendered":"https:\/\/www.messinaoggi.it\/website\/?p=51198"},"modified":"2021-01-05T19:25:36","modified_gmt":"2021-01-05T18:25:36","slug":"calcio-serie-d-fc-messina-cerca-continuita-di-risultati-a-biancavilla-rientra-paolo-carbonaro","status":"publish","type":"post","link":"https:\/\/www.messinaoggi.it\/website\/2021\/01\/05\/calcio-serie-d-fc-messina-cerca-continuita-di-risultati-a-biancavilla-rientra-paolo-carbonaro\/","title":{"rendered":"CALCIO SERIE D &#8211; FC Messina cerca continuit\u00e0 di risultati a Biancavilla. Rientra Paolo Carbonaro"},"content":{"rendered":"<h6 style=\"text-align: justify\"><em><strong>Prima gara del 2021 per i giallorossi sul terreno del Biancavilla. Out Caballero. Ai box il puntero sudamericano ma rientra il Paolo Carbonaro. Preso in prestito il terzino Christian Cangemi<\/strong><\/em><\/h6>\n<p>Fc Messina e Biancavilla procedono fin qui indenni tra le mura amiche. Peloritani ed etnei hanno fatto bottino pieno nelle quattro gare disputate in casa, un fattore che presenta tutte le difficolt\u00e0 del match previsto per domani allo stadio &#8220;Orazio Raiti&#8221;.<div id=\"div-gpt-ad-Messinaoggi.it-DSK-300x250-corpoart\" style=\"text-align:center;margin:0 auto;\"><\/div><\/p>\n<p style=\"text-align: justify\">La formazione di Pidatella, nonostante la sconfitta nell&#8217;ultimo turno con il Castrovillari, \u00e8 un avversario in salute che occupa il settimo posto in classifica a 3 punti dai ragazzi di mister Rigoli, che hanno chiuso al meglio il 2020 con il successo sulla Cittanovese.<div id=\"videoincontent\" style=\"clear:both\";><\/div><\/p>\n<p style=\"text-align: justify\">&#8220;Anno nuovo, continuit\u00e0 di risultati&#8221;, \u00e8 questo l&#8217;auspicio per Giuffrida e compagni, per tenere il passo delle avversarie in attesa di recuperare il match contro il Marina di Ragusa.<br \/>\nCome da previsioni, il solo Pablo Caballero risulta indisponibile. L&#8217;argentino verr\u00e0 sottoposto nella giornata di domani a nuovi esami strumentali.<\/p>\n<p style=\"text-align: justify\">Per un attaccante assente, un altro torna a disposizione, si tratta di Paolo Carbonaro, completamente recuperato per la sfida infrasettimanale.<br \/>\nAl gruppo si \u00e8 unito nella giornata di oggi Christian Cangemi, terzino destro classe 2002 di propiet\u00e0 del Palermo, che si legher\u00e0 con la formula del prestito al club del Presidente Arena. Il calciatore verr\u00e0 annunciato alla ratifica da parte della Lega.<\/p>\n<p style=\"text-align: justify\">I ventuno convocati per la trasferta di Biancavilla:<\/p>\n<p><strong>PORTIERI<\/strong>: MARONE Francesco, STRINO Massimo, TOCCI Francesco<br \/>\n<strong>DIFENSORI<\/strong>: AITA Gabriele, CASSELLA Francesco, FISSORE Francesco, MARCHETTI Domenico, QUITADAMO Gabriele, RICOSSA Riccardo, DA SILVA Joao<br \/>\n<strong>CENTROCAMPISTI<\/strong>:MARCHETTI Alessandro, PALMA Giuseppe, GILLE Thomas, AGNELLI Cristian, GIUFFRIDA Giovanni, CORIA Facundo, GARETTO Marco<br \/>\n<strong>ATTACCANTI<\/strong>: BEVIS Kilian, MUKIELE Norvin, DAMBROS Lucas, CARBONARO Paolo.<\/p>\n","protected":false},"excerpt":{"rendered":"<p>Prima gara del 2021 per i giallorossi sul terreno del Biancavilla. Out Caballero. Ai box il puntero sudamericano ma rientra il Paolo Carbonaro. Preso in prestito il terzino Christian Cangemi Fc Messina e Biancavilla procedono fin qui indenni tra le mura amiche. Peloritani ed etnei hanno fatto bottino pieno nelle quattro gare disputate in casa, [&hellip;]<\/p>\n","protected":false},"author":17,"featured_media":51199,"comment_status":"closed","ping_status":"closed","sticky":false,"template":"","format":"standard","meta":{"ub_ctt_via":"","_mi_skip_tracking":false},"categories":[10,9],"tags":[480,26,382],"featured_image_src":"https:\/\/www.messinaoggi.it\/website\/wp-content\/uploads\/2021\/01\/mister-rigoli.jpg","author_info":{"display_name":"Giuseppe Luppino","author_link":"https:\/\/www.messinaoggi.it\/website\/author\/g-luppino\/"},"digistream_id":0,"digistream":false,"_links":{"self":[{"href":"https:\/\/www.messinaoggi.it\/website\/wp-json\/wp\/v2\/posts\/51198"}],"collection":[{"href":"https:\/\/www.messinaoggi.it\/website\/wp-json\/wp\/v2\/posts"}],"about":[{"href":"https:\/\/www.messinaoggi.it\/website\/wp-json\/wp\/v2\/types\/post"}],"author":[{"embeddable":true,"href":"https:\/\/www.messinaoggi.it\/website\/wp-json\/wp\/v2\/users\/17"}],"replies":[{"embeddable":true,"href":"https:\/\/www.messinaoggi.it\/website\/wp-json\/wp\/v2\/comments?post=51198"}],"version-history":[{"count":0,"href":"https:\/\/www.messinaoggi.it\/website\/wp-json\/wp\/v2\/posts\/51198\/revisions"}],"wp:featuredmedia":[{"embeddable":true,"href":"https:\/\/www.messinaoggi.it\/website\/wp-json\/wp\/v2\/media\/51199"}],"wp:attachment":[{"href":"https:\/\/www.messinaoggi.it\/website\/wp-json\/wp\/v2\/media?parent=51198"}],"wp:term":[{"taxonomy":"category","embeddable":true,"href":"https:\/\/www.messinaoggi.it\/website\/wp-json\/wp\/v2\/categories?post=51198"},{"taxonomy":"post_tag","embeddable":true,"href":"https:\/\/www.messinaoggi.it\/website\/wp-json\/wp\/v2\/tags?post=51198"}],"curies":[{"name":"wp","href":"https:\/\/api.w.org\/{rel}","templated":true}]}}