{"id":51149,"date":"2021-01-05T08:25:43","date_gmt":"2021-01-05T07:25:43","guid":{"rendered":"https:\/\/www.messinaoggi.it\/website\/?p=51149"},"modified":"2021-01-05T08:25:43","modified_gmt":"2021-01-05T07:25:43","slug":"juventus-alex-sandro-positivo-al-covid","status":"publish","type":"post","link":"https:\/\/www.messinaoggi.it\/website\/2021\/01\/05\/juventus-alex-sandro-positivo-al-covid\/","title":{"rendered":"Juventus, Alex Sandro positivo al Covid"},"content":{"rendered":"<div>TORINO (ITALPRESS) &#8211; &#8220;A seguito della comparsa di alcuni lievi sintomi \u00e8 stato disposto per il giocatore Alex Sandro un controllo, dal quale \u00e8 emersa la sua positivit\u00e0 al Covid-19. Il calciatore \u00e8 gi\u00e0 stato posto in isolamento&#8221;. Lo ha reso noto la Juventus. &#8220;La societ\u00e0 \u00e8 in contatto con le Autorit\u00e0 Sanitarie per la definizione di un&#8217;efficace attuazione dei protocolli previsti per consentire le attivit\u00e0 di allenamento e di gara del gruppo squadra&#8221;, aggiungono dal club torinese. Il brasiliano salter\u00e0 il big match di mercoled\u00ec contro il Milan.<br \/>\n(ITALPRESS).<\/div>\n<div id=\"div-gpt-ad-Messinaoggi.it-DSK-300x250-corpoart\" style=\"text-align:center;margin:0 auto;\"><\/div><\/p><div id=\"videoincontent\" style=\"clear:both\";><\/div>","protected":false},"excerpt":{"rendered":"<p>TORINO (ITALPRESS) &#8211; &#8220;A seguito della comparsa di alcuni lievi sintomi \u00e8 stato disposto per il giocatore Alex Sandro un controllo, dal quale \u00e8 emersa la sua positivit\u00e0 al Covid-19. Il calciatore \u00e8 gi\u00e0 stato posto in isolamento&#8221;. Lo ha reso noto la Juventus. &#8220;La societ\u00e0 \u00e8 in contatto con le Autorit\u00e0 Sanitarie per la [&hellip;]<\/p>\n","protected":false},"author":2,"featured_media":51150,"comment_status":"closed","ping_status":"closed","sticky":false,"template":"","format":"standard","meta":{"ub_ctt_via":"","_mi_skip_tracking":false},"categories":[10,446],"tags":[],"featured_image_src":"https:\/\/www.messinaoggi.it\/website\/wp-content\/uploads\/2021\/01\/20210104_1991.jpg","author_info":{"display_name":"Redazione","author_link":"https:\/\/www.messinaoggi.it\/website\/author\/redazione\/"},"digistream_id":0,"digistream":false,"_links":{"self":[{"href":"https:\/\/www.messinaoggi.it\/website\/wp-json\/wp\/v2\/posts\/51149"}],"collection":[{"href":"https:\/\/www.messinaoggi.it\/website\/wp-json\/wp\/v2\/posts"}],"about":[{"href":"https:\/\/www.messinaoggi.it\/website\/wp-json\/wp\/v2\/types\/post"}],"author":[{"embeddable":true,"href":"https:\/\/www.messinaoggi.it\/website\/wp-json\/wp\/v2\/users\/2"}],"replies":[{"embeddable":true,"href":"https:\/\/www.messinaoggi.it\/website\/wp-json\/wp\/v2\/comments?post=51149"}],"version-history":[{"count":0,"href":"https:\/\/www.messinaoggi.it\/website\/wp-json\/wp\/v2\/posts\/51149\/revisions"}],"wp:featuredmedia":[{"embeddable":true,"href":"https:\/\/www.messinaoggi.it\/website\/wp-json\/wp\/v2\/media\/51150"}],"wp:attachment":[{"href":"https:\/\/www.messinaoggi.it\/website\/wp-json\/wp\/v2\/media?parent=51149"}],"wp:term":[{"taxonomy":"category","embeddable":true,"href":"https:\/\/www.messinaoggi.it\/website\/wp-json\/wp\/v2\/categories?post=51149"},{"taxonomy":"post_tag","embeddable":true,"href":"https:\/\/www.messinaoggi.it\/website\/wp-json\/wp\/v2\/tags?post=51149"}],"curies":[{"name":"wp","href":"https:\/\/api.w.org\/{rel}","templated":true}]}}