{"id":51142,"date":"2021-01-04T22:07:27","date_gmt":"2021-01-04T21:07:27","guid":{"rendered":"https:\/\/www.messinaoggi.it\/website\/?p=51142"},"modified":"2021-01-04T22:07:27","modified_gmt":"2021-01-04T21:07:27","slug":"regione-zambuto-e-scilla-nuovi-assessori-e-le-donne","status":"publish","type":"post","link":"https:\/\/www.messinaoggi.it\/website\/2021\/01\/04\/regione-zambuto-e-scilla-nuovi-assessori-e-le-donne\/","title":{"rendered":"Regione: Zambuto e Scilla nuovi assessori e le donne?"},"content":{"rendered":"<p>Marco Zambuto e Toni Scilla sono i due nuovi componenti del governo Musumeci. La nomina \u00e8 stata formalizzata dal presidente della Regione, che ha accolto le dimissioni degli assessori Edy Bandiera e Bernardette Grasso.<br \/>\nZambuto, avvocato e gi\u00e0 sindaco di Agrigento per 7 anni, avr\u00e0 la delega alla Funzione pubblica e alle Autonomie locali. Scilla, ex deputato regionale e presidente di Agripesca Sicilia, si occuper\u00e0 di Agricoltura, sviluppo rurale e pesca. Entrambi appartengono a Forza Italia, come gli uscenti.<br \/>\nIn occasione della formalizzazione della nomina, Musumeci \u00e8 tornato sull\u2019assenza delle donne nella sua giunta dopo gli ultimi avvicendamenti: \u201cSono un convinto assertore del valore che la donna rappresenta anche nella politica. E sono d\u2019accordo con chi reputa il sistema delle quote rosa una sorta di recinto che spesso penalizza il merito e, a volte, legittima l\u2019ipocrisia. L\u2019assenza di rappresentanza femminile nella Giunta di governo, a seguito della sostituzione dei due assessori (di cui una donna) richiesta da Forza Italia, \u00e8 solo momentanea\u201d.<br \/>\n\u201cCome \u00e8 noto, ho chiesto alle forze politiche della coalizione di far s\u00ec che la parit\u00e0 di genere sia non solo predicata ma anche praticata. Mi attendo, quindi, gi\u00e0 a breve atti e scelte conseguenziali \u2013 prosegue -. Ma il tema ripropone \u2013 inutile nasconderlo \u2013 l\u2019insoluto problema della selezione della classe dirigente politica in Sicilia\u201d.<br \/>\nPer Musumeci \u201csiamo ancora lontani dagli obiettivi per realizzare pienamente un sistema di pari opportunit\u00e0, nel quale fermamente credo. Cos\u00ec come \u00e8 altrettanto noto \u2013 ma a quanto pare \u00e8 utile ricordarlo \u2013 che, quando alla Regione ho compiuto scelte di mia esclusiva competenza, ho sempre preferito la concretezza ed il valore aggiunto femminile: il segretario generale, il capo Gabinetto, il capo Segreteria particolare, il portavoce, il responsabile anticorruzione, i direttori generali strategici sono tutte donne, ma soprattutto competenti\u201d.<br \/>\n\u201cCon la prossima legislatura regionale, entra in vigore la riforma proposta e votata dall\u2019attuale Assemblea, che render\u00e0 \u2018rosa\u2019 almeno un terzo della Giunta. Ed \u00e8 questa la vera scommessa che i Partiti in Sicilia debbono saper vincere, dimostrando, oltre la logica dei numeri, la volont\u00e0 e la capacit\u00e0 di saper formare e selezionare una nuova classe dirigente, senza pi\u00f9 penalizzazioni&#8221;.<div id=\"div-gpt-ad-Messinaoggi.it-DSK-300x250-corpoart\" style=\"text-align:center;margin:0 auto;\"><\/div><\/p>\n<div id=\"videoincontent\" style=\"clear:both\";><\/div>","protected":false},"excerpt":{"rendered":"<p>Marco Zambuto e Toni Scilla sono i due nuovi componenti del governo Musumeci. La nomina \u00e8 stata formalizzata dal presidente della Regione, che ha accolto le dimissioni degli assessori Edy Bandiera e Bernardette Grasso. Zambuto, avvocato e gi\u00e0 sindaco di Agrigento per 7 anni, avr\u00e0 la delega alla Funzione pubblica e alle Autonomie locali. Scilla, [&hellip;]<\/p>\n","protected":false},"author":4,"featured_media":34355,"comment_status":"closed","ping_status":"closed","sticky":false,"template":"","format":"standard","meta":{"ub_ctt_via":"","_mi_skip_tracking":false},"categories":[11],"tags":[],"featured_image_src":"https:\/\/www.messinaoggi.it\/website\/wp-content\/uploads\/2019\/06\/155EE622-7229-4993-B173-7CE187EA8D9C.jpeg","author_info":{"display_name":"redme","author_link":"https:\/\/www.messinaoggi.it\/website\/author\/redme\/"},"digistream_id":0,"digistream":false,"_links":{"self":[{"href":"https:\/\/www.messinaoggi.it\/website\/wp-json\/wp\/v2\/posts\/51142"}],"collection":[{"href":"https:\/\/www.messinaoggi.it\/website\/wp-json\/wp\/v2\/posts"}],"about":[{"href":"https:\/\/www.messinaoggi.it\/website\/wp-json\/wp\/v2\/types\/post"}],"author":[{"embeddable":true,"href":"https:\/\/www.messinaoggi.it\/website\/wp-json\/wp\/v2\/users\/4"}],"replies":[{"embeddable":true,"href":"https:\/\/www.messinaoggi.it\/website\/wp-json\/wp\/v2\/comments?post=51142"}],"version-history":[{"count":0,"href":"https:\/\/www.messinaoggi.it\/website\/wp-json\/wp\/v2\/posts\/51142\/revisions"}],"wp:featuredmedia":[{"embeddable":true,"href":"https:\/\/www.messinaoggi.it\/website\/wp-json\/wp\/v2\/media\/34355"}],"wp:attachment":[{"href":"https:\/\/www.messinaoggi.it\/website\/wp-json\/wp\/v2\/media?parent=51142"}],"wp:term":[{"taxonomy":"category","embeddable":true,"href":"https:\/\/www.messinaoggi.it\/website\/wp-json\/wp\/v2\/categories?post=51142"},{"taxonomy":"post_tag","embeddable":true,"href":"https:\/\/www.messinaoggi.it\/website\/wp-json\/wp\/v2\/tags?post=51142"}],"curies":[{"name":"wp","href":"https:\/\/api.w.org\/{rel}","templated":true}]}}